{"id":143,"date":"2018-02-04T16:41:19","date_gmt":"2018-02-04T15:41:19","guid":{"rendered":"http:\/\/www.ketreko.de\/?p=143"},"modified":"2018-02-04T17:11:42","modified_gmt":"2018-02-04T16:11:42","slug":"ecoprint-workshop-in-mannheim","status":"publish","type":"post","link":"http:\/\/www.ketreko.de\/index.php\/2018\/02\/04\/ecoprint-workshop-in-mannheim\/","title":{"rendered":"Ecoprint Workshop in Mannheim"},"content":{"rendered":"<p>Nachdem ich schon im letzten Sommer ein paar eigene Erfahrungen mit Ecoprint gesammelt hatte (wor\u00fcber ich noch berichten werde), entschloss ich mich dennoch einen zweit\u00e4gigen Einsteiger-Kurs bei Brunhilde Scheidmeir und Fritz Jeromin zu besuchen. Es haben sich einfach so viele Fragen ergeben, die mir kein Buch und kein Blog beantworten konnten.<\/p>\n<p>An einem eklig kalten Morgen, Anfang Dezember war es dann soweit: In der gem\u00fctlichen Textilwerkstatt Jeromin trafen sich lauter Frauen die feine St\u00f6ffchen lieben. Wir waren also ganz und gar unter Gleichgesinnten, was ja an sich schon ein wenig magisch ist.<\/p>\n<p>Was soll ich sagen, es war au\u00dferordentlich, bemerkenswert, informativ, inspirierend, begl\u00fcckend, interessant, \u00fcberraschend, wunderbar, magisch, duftend, schmeichelnd, faszinierend, alle Sinne waren angeregt und die Zeit wurde vergessen. Wenn das nicht mit Kosten verbunden w\u00e4re, k\u00f6nnte ich das jedes Wochenende machen: Eco Print mit Gleichgesinnten.<\/p>\n<p><img loading=\"lazy\" decoding=\"async\" class=\"wp-image-146 alignleft\" src=\"http:\/\/www.ketreko.de\/wp-content\/uploads\/2018\/02\/IMG_20171209_221140_442-300x276.jpg\" alt=\"\" width=\"414\" height=\"381\" srcset=\"http:\/\/www.ketreko.de\/wp-content\/uploads\/2018\/02\/IMG_20171209_221140_442-300x276.jpg 300w, http:\/\/www.ketreko.de\/wp-content\/uploads\/2018\/02\/IMG_20171209_221140_442-768x707.jpg 768w, http:\/\/www.ketreko.de\/wp-content\/uploads\/2018\/02\/IMG_20171209_221140_442-1024x942.jpg 1024w\" sizes=\"(max-width: 414px) 100vw, 414px\" \/><\/p>\n<p><em><strong>Bild 1:<\/strong> Alles sch\u00f6n vorbereitet: abgezupfte Euka-Bl\u00e4tter und kleine Zweige, gut durchfeuchteter Wolletamine und Seidenperlgarn in St\u00fccke geschnitten.<\/em><\/p>\n<p>Wir haben so viele interessante und hilfreiche Informationen von Brunhilde und Fritz erfahren, konnten so viel unterschiedliche Ergebnisse bestaunen, bekamen massenweise Tipps, die eben in keinem Buch stehen (z.B. dass die Seidenschn\u00fcre zwitschern muss, damit man wei\u00df, &#8222;jetzt ist es fest genug geschn\u00fcrt&#8220;. Das muss man eben h\u00f6ren und nicht dar\u00fcber lesen). Auch die Tatsache, dass es beim Ecoprint keine Pannen gibt, sondern unterschiedliche Ergebnisse, manches zum weiter Bearbeiten einl\u00e4dt und anderes bleibt, wie es ist, wurde erst durch diesen gemeinsamen Lernprozess in den zwei Tagen deutlich. Die tollen Fotos im Internet, sind oft so nach bearbeitet, das sie wirklich dramatisch und beeindruckend aussehen: ein bisschen die Farbe vertiefen, ein wenig den Kontrast erh\u00f6hen, etwas heller oder dunkler und das WOW wird gleich viel lauter. Oft sind es nur kleine Ausschnitte, die gezeigt werden. Wenn dann ein eigenes Tuch ausgepackt wird, und viele Stellen verschwommen sind, die Blattkonturen nicht \u00fcberall messerscharf zu erkennen sind, denkt man leicht, man h\u00e4tte etwas falsch gemacht. Meine Fotos sind \u00fcbrigens auch nach bearbeitet <em>grins<\/em>.<\/p>\n<p>Alleine die Tatsache, dass da nur aus Bl\u00e4ttern, vielleicht einem Hauch Eisen, viel Wasser und ausreichend Hitze, Farbigkeit entsteht, ist doch schon grandios, oder?<\/p>\n<p><img loading=\"lazy\" decoding=\"async\" class=\"alignright wp-image-148\" src=\"http:\/\/www.ketreko.de\/wp-content\/uploads\/2018\/02\/IMG_20171210_132944-300x225.jpg\" alt=\"\" width=\"456\" height=\"342\" srcset=\"http:\/\/www.ketreko.de\/wp-content\/uploads\/2018\/02\/IMG_20171210_132944-300x225.jpg 300w, http:\/\/www.ketreko.de\/wp-content\/uploads\/2018\/02\/IMG_20171210_132944-768x576.jpg 768w, http:\/\/www.ketreko.de\/wp-content\/uploads\/2018\/02\/IMG_20171210_132944-1024x768.jpg 1024w\" sizes=\"(max-width: 456px) 100vw, 456px\" \/><em><strong>Bild 2:<\/strong> Die fertigen Bundles, bereit f\u00fcrs D\u00e4mpfen. Die Seidenschn\u00fcre sind schon in Gebrauch gewesen und werden wiederverwendet. Vielleicht geben auch sie nochmal Farbe ab, wodurch sch\u00f6ne Effekte entstehen k\u00f6nnen. <\/em><\/p>\n<p>F\u00fcr die Stoffe, die ich im Sp\u00e4tsommer zu Hause und im Urlaub angefertigt habe, war ich drau\u00dfen im Garten und habe am Gartentisch gearbeitet. Wenn man die Stoffe feucht genug halten kann, ist es wundersch\u00f6n im Garten zu arbeiten. Die Bl\u00e4tter k\u00f6nnen direkt vom Strauch auf den Stoff und Nachschub ist sofort verf\u00fcgbar. Im Winter im Haus zu arbeiten ist nicht einfach, man braucht einen geeigneten Arbeitsplatz, der eben auch Feuchtigkeit gut vertr\u00e4gt. Meine K\u00fcche ist dazu nicht gro\u00df genug, der Esstisch ungeeignet und in meinem Kreativ-Zimmer liegt Teppichboden, was ja f\u00fcr andere Textil-Arbeiten absolut in Ordnung ist.<\/p>\n<p>Der Jeromin-Laden ist dazu nat\u00fcrlich bestens geeignet. Da haben alle Teilnehmerinnen alles, was gebraucht wird am Platz und griffbereit, der Arbeitsplatz ist ausreichend gro\u00df, Wasser ist kein Problem und helfende H\u00e4nde sind auch immer in ausreichender Anzahl vorhanden. Himmlisch!<\/p>\n<p>Wie gesagt, ich k\u00f6nnte zum Wiederholungst\u00e4terin f\u00fcr solche Workshops werden.<\/p>\n<p>Der Schwerpunkt dieses Workshops lag auf Eukalyptus und zus\u00e4tzlich von zwei Naturfarbstoffen: Blauholz und Cochenille. So entstanden z.T. richtig bunte F\u00e4rbungen und k\u00fcnstlerische Ergebnisse. Neben verschiedenen Eukalypten, gab es noch Marone, Strandflieder, Artischockenbl\u00e4tter, versch. Ahornarten zum Experimentieren. Neben Woll- und Seidengeweben haben wir auch mit Aquarellpapier und <a href=\"http:\/\/snap-pap.de\/\">SnapPap<\/a> gearbeitet, teilweise auch Stoffe und Papier kombinert. So sind wir alle am Ende mit richtig reichem Gep\u00e4ck nach Hause gefahren.<\/p>\n<p><img loading=\"lazy\" decoding=\"async\" class=\"wp-image-147 alignleft\" src=\"http:\/\/www.ketreko.de\/wp-content\/uploads\/2018\/02\/IMG_20171210_094558-300x225.jpg\" alt=\"\" width=\"495\" height=\"371\" srcset=\"http:\/\/www.ketreko.de\/wp-content\/uploads\/2018\/02\/IMG_20171210_094558-300x225.jpg 300w, http:\/\/www.ketreko.de\/wp-content\/uploads\/2018\/02\/IMG_20171210_094558-768x576.jpg 768w, http:\/\/www.ketreko.de\/wp-content\/uploads\/2018\/02\/IMG_20171210_094558-1024x768.jpg 1024w\" sizes=\"(max-width: 495px) 100vw, 495px\" \/><\/p>\n<p><em><strong>Bild 3:<\/strong> Mein &#8222;Vulcano&#8220; Wollschal nach Wickeln, F\u00e4rben und dem langen Abk\u00fchlen \u00fcber Nacht. Das \u00dcberraschende dabei war, dass er schwarz und nicht blau wurde, so wie es eigentlich mit dem Simmern im Blauholz-Sud geplant war. F\u00fcr mich genau richtig, ich bin begeistert! Das Beitragsbild, ganz am Anfang zeigt die Rolle nach dem D\u00e4mpfen mit bereits entfernten Schn\u00fcren. Der Kontrast ich doch der Knaller!<\/em><\/p>\n<p>Dieser entstandene Wollschal und ein Loop aus Wolljersey, der unten zu sehen ist, geh\u00f6ren seit dem Workshop zu meinen st\u00e4ndigen Begleitern. Aus den beiden SnapPap St\u00fccken habe ich ein ein Artbook hergestellt, indem ich den Workshop dokumentiert habe und alle meine Notizen und kleine Probest\u00fcckchen verarbeitet habe. Aber das stelle ich noch mal gesondert vor, da es ziemlich umfangreich geworden ist&#8230;..<\/p>\n<p>Jetzt plane ich schon seit Wochen, die Seidenstoffe zu verarbeiten. Aus der Bouretteseide will ich eine Kittelbluse n\u00e4hen. Aber ich werde den Stoff noch einmal versuchen zu ecoprinten oder anders zu bedrucken. Der Seidenjersey braucht auch noch mehr Tiefe. Zum Gl\u00fcck bekomme ich inzwischen von allen Freunden Eukalyptuszweige geschenkt, die im Winter beliebte Strau\u00df-F\u00fcller bei Floristen sind. Und durch den milden Winter, hat auch meine Rose noch ein paar Bl\u00e4tter, die ich verwenden k\u00f6nnte&#8230;<\/p>\n<p>&nbsp;<\/p>\n<p style=\"text-align: center;\"><strong>Und hier kommt noch eine Galerie von weiteren Fotos:<\/strong><\/p>\n<div class=\"mceTemp\"><\/div>\n<p><img loading=\"lazy\" decoding=\"async\" class=\" wp-image-152 aligncenter\" src=\"http:\/\/www.ketreko.de\/wp-content\/uploads\/2018\/02\/DSC_9057b-300x146.jpg\" alt=\"\" width=\"584\" height=\"284\" srcset=\"http:\/\/www.ketreko.de\/wp-content\/uploads\/2018\/02\/DSC_9057b-300x146.jpg 300w, http:\/\/www.ketreko.de\/wp-content\/uploads\/2018\/02\/DSC_9057b-768x373.jpg 768w, http:\/\/www.ketreko.de\/wp-content\/uploads\/2018\/02\/DSC_9057b.jpg 800w\" sizes=\"(max-width: 584px) 100vw, 584px\" \/><\/p>\n<p style=\"text-align: center;\">Die fertigen SnapPap Bundles werden au\u00dfen vor dem D\u00e4mpfen, mit Blauholz und Cochenille bepinselt.<\/p>\n<p>&nbsp;<\/p>\n<p style=\"text-align: center;\"><img loading=\"lazy\" decoding=\"async\" class=\" wp-image-154 aligncenter\" src=\"http:\/\/www.ketreko.de\/wp-content\/uploads\/2018\/02\/DSC_9045b-268x300.jpg\" alt=\"\" width=\"398\" height=\"445\" srcset=\"http:\/\/www.ketreko.de\/wp-content\/uploads\/2018\/02\/DSC_9045b-268x300.jpg 268w, http:\/\/www.ketreko.de\/wp-content\/uploads\/2018\/02\/DSC_9045b.jpg 714w\" sizes=\"(max-width: 398px) 100vw, 398px\" \/><\/p>\n<p style=\"text-align: center;\">Aquarellpapier mit Blauholz bestrichen und mit den Bl\u00e4ttern direkt in den Stoff, hier Baumwollsatin eingewickelt. Die Ergebnisse waren wirklich f\u00fcr uns alle sowas von WOW&#8230; Die Farbschattierungen, die sich ergaben, aber auch die Heransgehensweise: Einfach wickeln, experimentieren, ausprobieren und, das Wichtigste, Spa\u00df haben! Die leicht flie\u00dfenden Farbpigmente der Bl\u00e4tter verursachen einen &#8222;Schatten&#8220;, wodurch die Bl\u00e4tter Dimension bekommen. Dieser Effekt ist nicht voraussehbar, daher umso sch\u00f6ner.<\/p>\n<p>&nbsp;<\/p>\n<p><img loading=\"lazy\" decoding=\"async\" class=\"wp-image-155 aligncenter\" src=\"http:\/\/www.ketreko.de\/wp-content\/uploads\/2018\/02\/DSC_9080b-300x247.jpg\" alt=\"\" width=\"438\" height=\"361\" srcset=\"http:\/\/www.ketreko.de\/wp-content\/uploads\/2018\/02\/DSC_9080b-300x247.jpg 300w, http:\/\/www.ketreko.de\/wp-content\/uploads\/2018\/02\/DSC_9080b-768x633.jpg 768w, http:\/\/www.ketreko.de\/wp-content\/uploads\/2018\/02\/DSC_9080b.jpg 800w\" sizes=\"(max-width: 438px) 100vw, 438px\" \/><\/p>\n<p><img loading=\"lazy\" decoding=\"async\" class=\"wp-image-157 aligncenter\" src=\"http:\/\/www.ketreko.de\/wp-content\/uploads\/2018\/02\/DSC_9043b-300x200.jpg\" alt=\"\" width=\"542\" height=\"362\" srcset=\"http:\/\/www.ketreko.de\/wp-content\/uploads\/2018\/02\/DSC_9043b-300x200.jpg 300w, http:\/\/www.ketreko.de\/wp-content\/uploads\/2018\/02\/DSC_9043b-768x513.jpg 768w, http:\/\/www.ketreko.de\/wp-content\/uploads\/2018\/02\/DSC_9043b-735x490.jpg 735w, http:\/\/www.ketreko.de\/wp-content\/uploads\/2018\/02\/DSC_9043b.jpg 800w\" sizes=\"(max-width: 542px) 100vw, 542px\" \/><\/p>\n<p style=\"text-align: center;\">Die beiden Seidenstoffe, von denen oben die Rede war, warten auf eine Weiterverarbeitung, sie \u00fcberzeugen mich noch nicht&#8230;<\/p>\n<p>&nbsp;<\/p>\n<p><img loading=\"lazy\" decoding=\"async\" class=\" wp-image-159 aligncenter\" src=\"http:\/\/www.ketreko.de\/wp-content\/uploads\/2018\/02\/DSC_9055b-300x286.jpg\" alt=\"\" width=\"468\" height=\"446\" srcset=\"http:\/\/www.ketreko.de\/wp-content\/uploads\/2018\/02\/DSC_9055b-300x286.jpg 300w, http:\/\/www.ketreko.de\/wp-content\/uploads\/2018\/02\/DSC_9055b-768x732.jpg 768w, http:\/\/www.ketreko.de\/wp-content\/uploads\/2018\/02\/DSC_9055b.jpg 800w\" sizes=\"(max-width: 468px) 100vw, 468px\" \/><\/p>\n<p style=\"text-align: center;\">Und hier mein Loop aus einem St\u00fcck Wolljersey. Der hingegen ist fertig und perfekt, genauso wie er aus dem Blauholz-Sud gekommen ist. Er eignet sich als Loop um den Hals, zum Nacken w\u00e4rmen und sch\u00f6n aussehen oder als H\u00fcftschmeichler \u00fcber einer Jeans oder einem Rock, prima auch f\u00fcr ruhige Gymnastik und Meditation. Um die H\u00fcfte getragen kommt der Ecoprint richtig zur Geltung.<\/p>\n<p>&nbsp;<\/p>\n<p><img loading=\"lazy\" decoding=\"async\" class=\" wp-image-156 aligncenter\" src=\"http:\/\/www.ketreko.de\/wp-content\/uploads\/2018\/02\/IMG_20171210_094611b-300x245.jpg\" alt=\"\" width=\"474\" height=\"387\" srcset=\"http:\/\/www.ketreko.de\/wp-content\/uploads\/2018\/02\/IMG_20171210_094611b-300x245.jpg 300w, http:\/\/www.ketreko.de\/wp-content\/uploads\/2018\/02\/IMG_20171210_094611b-768x628.jpg 768w, http:\/\/www.ketreko.de\/wp-content\/uploads\/2018\/02\/IMG_20171210_094611b-1024x837.jpg 1024w\" sizes=\"(max-width: 474px) 100vw, 474px\" \/><\/p>\n<p style=\"text-align: center;\">Hier nochmal ein Bild vom frisch entrollten Vulcano, seht ihr die Lava flie\u00dfen?<\/p>\n<p>&nbsp;<\/p>\n<p><img loading=\"lazy\" decoding=\"async\" class=\"wp-image-153 aligncenter\" src=\"http:\/\/www.ketreko.de\/wp-content\/uploads\/2018\/02\/DSC_9038b-300x149.jpg\" alt=\"\" width=\"638\" height=\"317\" srcset=\"http:\/\/www.ketreko.de\/wp-content\/uploads\/2018\/02\/DSC_9038b-300x149.jpg 300w, http:\/\/www.ketreko.de\/wp-content\/uploads\/2018\/02\/DSC_9038b-768x381.jpg 768w, http:\/\/www.ketreko.de\/wp-content\/uploads\/2018\/02\/DSC_9038b.jpg 800w\" sizes=\"(max-width: 638px) 100vw, 638px\" \/><\/p>\n<p style=\"text-align: center;\">Die Ganze Beute: Au\u00dfer den gezeigten St\u00fccken sind auch noch einige Probedrucke entstanden, die, jeder f\u00fcr sich auch schon ein kleines Kunstwerk sind und ganz sicher bei Textilprojekten verwendet werden.<\/p>\n<p>&nbsp;<\/p>\n<p><img loading=\"lazy\" decoding=\"async\" class=\"wp-image-150 aligncenter\" src=\"http:\/\/www.ketreko.de\/wp-content\/uploads\/2018\/02\/IMG_20171210_100142-300x225.jpg\" alt=\"\" width=\"492\" height=\"369\" srcset=\"http:\/\/www.ketreko.de\/wp-content\/uploads\/2018\/02\/IMG_20171210_100142-300x225.jpg 300w, http:\/\/www.ketreko.de\/wp-content\/uploads\/2018\/02\/IMG_20171210_100142-768x576.jpg 768w, http:\/\/www.ketreko.de\/wp-content\/uploads\/2018\/02\/IMG_20171210_100142-1024x768.jpg 1024w\" sizes=\"(max-width: 492px) 100vw, 492px\" \/><\/p>\n<p style=\"text-align: center;\">Einige Euka-Bl\u00e4tter nach dem F\u00e4rben. Ich habe viele von ihnen gepresst, um sie in anderen Projekten verwenden zu k\u00f6nnen.\u00a0 Sie sind ledrig und lassen sich gut auf Papier aufn\u00e4hen, f\u00fcr Collagen oder Scrapbook Layouts.<\/p>\n<p>&nbsp;<\/p>\n<p>Hier kommen noch die Links zu den Workshops vom <a href=\"http:\/\/www.jeromin-shop.de\/\">Werkladen Jeromin<\/a> und Brunhilde Scheidmeir, Brunhildes <a href=\"http:\/\/www.filzkultur.eu\/ecoprint.html\">Homepage<\/a>\u00a0und Sabine Jeromin-Gerds Blog <a href=\"http:\/\/textile-ideen.blogspot.de\/\">&#8222;Textile Ideen<\/a>, auf dem es ebenfalls einen Klick zu den Workshops gibt.<\/p>\n<p>Was nat\u00fcrlich auch nicht fehlen darf ist ein Link zu India Flints\u00a0<a href=\"http:\/\/www.indiaflint.com\/\">Homepage<\/a>. Die\u00a0Australierin hat Ecoprint entwickelt.<\/p>\n<p><strong>Herzliche Gr\u00fc\u00dfe, Kerstin<\/strong><\/p>\n","protected":false},"excerpt":{"rendered":"<p>Nachdem ich schon im letzten Sommer ein paar eigene Erfahrungen mit Ecoprint gesammelt hatte (wor\u00fcber ich noch berichten werde), entschloss ich mich dennoch einen zweit\u00e4gigen Einsteiger-Kurs bei Brunhilde Scheidmeir und Fritz Jeromin zu besuchen. Es haben sich einfach so viele Fragen ergeben, die mir kein Buch und kein Blog beantworten konnten. An einem eklig kalten [&hellip;]<\/p>\n","protected":false},"author":1,"featured_media":149,"comment_status":"open","ping_status":"open","sticky":false,"template":"","format":"standard","meta":{"footnotes":""},"categories":[4,15],"tags":[10],"_links":{"self":[{"href":"http:\/\/www.ketreko.de\/index.php\/wp-json\/wp\/v2\/posts\/143"}],"collection":[{"href":"http:\/\/www.ketreko.de\/index.php\/wp-json\/wp\/v2\/posts"}],"about":[{"href":"http:\/\/www.ketreko.de\/index.php\/wp-json\/wp\/v2\/types\/post"}],"author":[{"embeddable":true,"href":"http:\/\/www.ketreko.de\/index.php\/wp-json\/wp\/v2\/users\/1"}],"replies":[{"embeddable":true,"href":"http:\/\/www.ketreko.de\/index.php\/wp-json\/wp\/v2\/comments?post=143"}],"version-history":[{"count":9,"href":"http:\/\/www.ketreko.de\/index.php\/wp-json\/wp\/v2\/posts\/143\/revisions"}],"predecessor-version":[{"id":166,"href":"http:\/\/www.ketreko.de\/index.php\/wp-json\/wp\/v2\/posts\/143\/revisions\/166"}],"wp:featuredmedia":[{"embeddable":true,"href":"http:\/\/www.ketreko.de\/index.php\/wp-json\/wp\/v2\/media\/149"}],"wp:attachment":[{"href":"http:\/\/www.ketreko.de\/index.php\/wp-json\/wp\/v2\/media?parent=143"}],"wp:term":[{"taxonomy":"category","embeddable":true,"href":"http:\/\/www.ketreko.de\/index.php\/wp-json\/wp\/v2\/categories?post=143"},{"taxonomy":"post_tag","embeddable":true,"href":"http:\/\/www.ketreko.de\/index.php\/wp-json\/wp\/v2\/tags?post=143"}],"curies":[{"name":"wp","href":"https:\/\/api.w.org\/{rel}","templated":true}]}}