{"id":197,"date":"2018-02-12T21:24:31","date_gmt":"2018-02-12T20:24:31","guid":{"rendered":"http:\/\/www.ketreko.de\/?p=197"},"modified":"2018-02-13T21:10:19","modified_gmt":"2018-02-13T20:10:19","slug":"buchstabenmuster","status":"publish","type":"post","link":"http:\/\/www.ketreko.de\/index.php\/2018\/02\/12\/buchstabenmuster\/","title":{"rendered":"Buchstabenmuster"},"content":{"rendered":"<p>Ich m\u00f6chte mich bei den Muster-Mittwoch Teilnehmerinnen bedanken. Ich misch hier einfach mit, plapper \u00fcberall einen Kommentar rein, in einer Gruppe und bei Leuten, die z.T. schon seit Jahren miteinander Mustern. Und ihr schreibt mir wirklich sehr nette Kommentare zur\u00fcck.<\/p>\n<p>Das Herstellen der Buchstabensuppe war tats\u00e4chlich ziemlich viel Arbeit. H\u00e4tte ich vorher geahnt, wie lang ich da dran rumbastel, bis mir alles gef\u00e4llt, h\u00e4tt\u00b4 ich\u00b4s nicht angefangen. Aber so ist das ja meistens.<\/p>\n<p><strong>Als Dank f\u00fcr die herzlichen Worte von Euch, habe ich\u00a0meines\u00a0<a href=\"http:\/\/www.ketreko.de\/index.php\/2018\/02\/07\/buchstabensalat\/\">Buchstabensalat<\/a>\u00a0als PDF gespeichert. Bitte zugreifen, downloaden, ausdrucken, anmalen, zerschnipseln, als Hintergrund oder Vordergrund oder Zwischenraum benutzen.<\/strong><\/p>\n<p><a href=\"http:\/\/www.ketreko.de\/index.php\/tutorials-und-freebes\/\">PDF Buchstabensalat<\/a><\/p>\n<p>Die Buchstaben haben es mir angetan. Man kann sie so prima ganz klein machen und sie bleiben dennoch gut zu erkennen. Allerdings ist eine beschriebene Seite auch ganz sch\u00f6n chaotisch, wenn man sie mal nur vom gestalterischen Blickwinkel aus betrachtet. Wenig Regelm\u00e4\u00dfigkeiten, wenig Wiederholungen, st\u00e4ndig wieder neue Variationen. Nicht einmal Linien, denen man mit den Augen folgen kann, st\u00e4ndig brechen diese wieder ab. Ruhig wird es erst, wenn wir die Information hinter den Ornamenten entschl\u00fcsseln k\u00f6nnen.<\/p>\n<p>Ich hatte beruflich schon mit Menschen zu tun, die diese F\u00e4higkeit verloren haben. Wenn die Struktur im Gehirn gesch\u00e4digt ist, die f\u00fcr das Entschl\u00fcsseln genau dieser Linien zust\u00e4ndig ist, kann jemand pl\u00f6tzlich nicht mehr Lesen. Er sieht nur noch chaotische schwarze Linien auf wei\u00dfem Grund. Das ist be\u00e4ngstigend und qu\u00e4lend. So, als sollten wir Japanisch oder Vietnamesisch lesen und alle um uns rum erz\u00e4hlen uns, das wir das doch eigentlich k\u00f6nnen\u00a0 m\u00fcssten, wie sollten uns nur M\u00fche geben&#8230;<\/p>\n<p>Erfreulicheres f\u00fcr den <a href=\"http:\/\/muellerinart.blogspot.de\/2018\/02\/klein-anfangen-muster-mittwoch-262.html\">Muster-Mittwoch bei Michaelas M\u00fcllerin Art<\/a>: Ich habe meine Initialen als Grundlage f\u00fcr ein Fl\u00e4chenmuster hergenommen. Erst wollte ich KeTreKo nehmen, aber das erwies sich als zu lang und ging zu Lasten der Regelm\u00e4\u00dfigkeit und Ruhe. Daher nur KTK. Mit einer wirklich seeehr schmalen Schrift, Matchbook, habe ich den Effekt erzielt, den ich mir vorgestellt habe. Matchbook ist der Schrift nachempfunden, die fr\u00fcher auf Streichholz-Briefchen war. &#8222;Z\u00fcndh\u00f6lzer&#8220; war \u00e4hnlich langgezogen. Die Schrift gibt es z.B. <a href=\"https:\/\/www.dafont.com\/de\/matchbook.font\">hier<\/a>.<\/p>\n<p><img loading=\"lazy\" decoding=\"async\" class=\"aligncenter wp-image-246\" src=\"http:\/\/www.ketreko.de\/wp-content\/uploads\/2018\/02\/DSC_6110.jpg\" alt=\"\" width=\"500\" height=\"398\" srcset=\"http:\/\/www.ketreko.de\/wp-content\/uploads\/2018\/02\/DSC_6110.jpg 800w, http:\/\/www.ketreko.de\/wp-content\/uploads\/2018\/02\/DSC_6110-300x239.jpg 300w, http:\/\/www.ketreko.de\/wp-content\/uploads\/2018\/02\/DSC_6110-768x611.jpg 768w, http:\/\/www.ketreko.de\/wp-content\/uploads\/2018\/02\/DSC_6110-100x80.jpg 100w\" sizes=\"(max-width: 500px) 100vw, 500px\" \/><\/p>\n<p>Ich habe die drei Buchstaben in einer Zeile abwechselnd richtig und spiegelverkehrt gesetzt und die n\u00e4chste Zeile horizontal gespiegelt. So habe ich die Seite gef\u00fcllt und immer weiter verkleinert. Entstanden ist ein Mini-Muster. Am Ende habe ich alles noch um 90 Grad gekippt, so stehen die Buchstaben auch noch auf der Seite. So l\u00f6sen sie sich als Schrift mehr und mehr auf und werden zu einem regelm\u00e4\u00dfigen geometrischen Muster.<\/p>\n<p><img loading=\"lazy\" decoding=\"async\" class=\"wp-image-250 aligncenter\" src=\"http:\/\/www.ketreko.de\/wp-content\/uploads\/2018\/02\/DSC_6111-300x196.jpg\" alt=\"\" width=\"500\" height=\"326\" srcset=\"http:\/\/www.ketreko.de\/wp-content\/uploads\/2018\/02\/DSC_6111-300x196.jpg 300w, http:\/\/www.ketreko.de\/wp-content\/uploads\/2018\/02\/DSC_6111-768x501.jpg 768w, http:\/\/www.ketreko.de\/wp-content\/uploads\/2018\/02\/DSC_6111.jpg 800w\" sizes=\"(max-width: 500px) 100vw, 500px\" \/><\/p>\n<p>Wenn sich die beiden K\u00b4s, mit der \u00d6ffnung gegen\u00fcber stehen, entsteht eine offene Raute. In der zweiten Runde habe ich diese Fl\u00e4che gef\u00fcllt und den kleinen Rauten noch eine Kontrastfarbe zugewiesen.<\/p>\n<p><img loading=\"lazy\" decoding=\"async\" class=\"aligncenter wp-image-251\" src=\"http:\/\/www.ketreko.de\/wp-content\/uploads\/2018\/02\/DSC_6114-300x199.jpg\" alt=\"\" width=\"500\" height=\"331\" srcset=\"http:\/\/www.ketreko.de\/wp-content\/uploads\/2018\/02\/DSC_6114-300x199.jpg 300w, http:\/\/www.ketreko.de\/wp-content\/uploads\/2018\/02\/DSC_6114-768x509.jpg 768w, http:\/\/www.ketreko.de\/wp-content\/uploads\/2018\/02\/DSC_6114.jpg 800w\" sizes=\"(max-width: 500px) 100vw, 500px\" \/><\/p>\n<p>Am Ende habe ich dem so entstandenen Muster noch einen farbigen Hintergrund gegeben. Ich setze das alles Freihand und kopiere dann immer gr\u00f6\u00dfere Teile um sie zu arrangieren. Das ginge viel professioneller mit einem Raster und exakt gleichen Abst\u00e4nden. Aber so ein wenig verwackelt find ich\u00b4s ganz ok. Ich habe gleich verschiedene Farben und Farbkombis ausprobiert.<\/p>\n<p><img loading=\"lazy\" decoding=\"async\" class=\"aligncenter wp-image-249\" src=\"http:\/\/www.ketreko.de\/wp-content\/uploads\/2018\/02\/DSC_6118-300x191.jpg\" alt=\"\" width=\"500\" height=\"319\" srcset=\"http:\/\/www.ketreko.de\/wp-content\/uploads\/2018\/02\/DSC_6118-300x191.jpg 300w, http:\/\/www.ketreko.de\/wp-content\/uploads\/2018\/02\/DSC_6118-768x490.jpg 768w, http:\/\/www.ketreko.de\/wp-content\/uploads\/2018\/02\/DSC_6118-1024x653.jpg 1024w, http:\/\/www.ketreko.de\/wp-content\/uploads\/2018\/02\/DSC_6118.jpg 2045w\" sizes=\"(max-width: 500px) 100vw, 500px\" \/><\/p>\n<p>Und schlie\u00dflich zu dem Ergebnis gekommen, dass die Rauten alleine nicht reichen. An den Stellen, an denen sich die K\u00b4s mit dem &#8222;R\u00fccken&#8220; gegen\u00fcber stehen, passt ein langes Rechteck rein<\/p>\n<p><img loading=\"lazy\" decoding=\"async\" class=\"aligncenter wp-image-248\" src=\"http:\/\/www.ketreko.de\/wp-content\/uploads\/2018\/02\/DSC_6122hoch-191x300.jpg\" alt=\"\" width=\"318\" height=\"500\" srcset=\"http:\/\/www.ketreko.de\/wp-content\/uploads\/2018\/02\/DSC_6122hoch-191x300.jpg 191w, http:\/\/www.ketreko.de\/wp-content\/uploads\/2018\/02\/DSC_6122hoch.jpg 508w\" sizes=\"(max-width: 318px) 100vw, 318px\" \/><\/p>\n<p>und so gef\u00e4llt es mir jetzt. Grau-Gelb passt gut in die Jahreszeit, finde ich. Ich habe dann auch andere Farbkombis ausprobiert und durch umgruppieren auch die Rauten in einer anderen Farbe als die Rechtecke&#8230;.<\/p>\n<p><img loading=\"lazy\" decoding=\"async\" class=\"aligncenter wp-image-247\" src=\"http:\/\/www.ketreko.de\/wp-content\/uploads\/2018\/02\/DSC_6126-216x300.jpg\" alt=\"\" width=\"359\" height=\"500\" srcset=\"http:\/\/www.ketreko.de\/wp-content\/uploads\/2018\/02\/DSC_6126-216x300.jpg 216w, http:\/\/www.ketreko.de\/wp-content\/uploads\/2018\/02\/DSC_6126.jpg 575w\" sizes=\"(max-width: 359px) 100vw, 359px\" \/><\/p>\n<p>leider wollte ich wieder zuviel und mein Programm hat versagt. Wie immer VOR dem Speichern. Corel Draw ist ein gutes Satzprogramm, aber bei so komplexen Grafikgeschichten geht das in die Knie. Das sind einfach viel zu viele Objekte auf einer Seite. Mein Sohn verdreht auch schon die Augen. er hat angeboten, mir mal Nachhilfe mit einem anderen Programm zu geben.<\/p>\n<p>Drei Seiten habe ich ausgedruckt, die sind dann eben was Besonderes und ich finde bestimmt eine Verwendung f\u00fcr sie in einem Projekt.<\/p>\n<p><strong>Herzlichst, Kerstin<\/strong><\/p>\n<p>&nbsp;<\/p>\n","protected":false},"excerpt":{"rendered":"<p>Ich m\u00f6chte mich bei den Muster-Mittwoch Teilnehmerinnen bedanken. Ich misch hier einfach mit, plapper \u00fcberall einen Kommentar rein, in einer Gruppe und bei Leuten, die z.T. schon seit Jahren miteinander Mustern. Und ihr schreibt mir wirklich sehr nette Kommentare zur\u00fcck. Das Herstellen der Buchstabensuppe war tats\u00e4chlich ziemlich viel Arbeit. H\u00e4tte ich vorher geahnt, wie lang [&hellip;]<\/p>\n","protected":false},"author":1,"featured_media":248,"comment_status":"open","ping_status":"open","sticky":false,"template":"","format":"standard","meta":{"footnotes":""},"categories":[35],"tags":[14,30,13,36],"_links":{"self":[{"href":"http:\/\/www.ketreko.de\/index.php\/wp-json\/wp\/v2\/posts\/197"}],"collection":[{"href":"http:\/\/www.ketreko.de\/index.php\/wp-json\/wp\/v2\/posts"}],"about":[{"href":"http:\/\/www.ketreko.de\/index.php\/wp-json\/wp\/v2\/types\/post"}],"author":[{"embeddable":true,"href":"http:\/\/www.ketreko.de\/index.php\/wp-json\/wp\/v2\/users\/1"}],"replies":[{"embeddable":true,"href":"http:\/\/www.ketreko.de\/index.php\/wp-json\/wp\/v2\/comments?post=197"}],"version-history":[{"count":10,"href":"http:\/\/www.ketreko.de\/index.php\/wp-json\/wp\/v2\/posts\/197\/revisions"}],"predecessor-version":[{"id":263,"href":"http:\/\/www.ketreko.de\/index.php\/wp-json\/wp\/v2\/posts\/197\/revisions\/263"}],"wp:featuredmedia":[{"embeddable":true,"href":"http:\/\/www.ketreko.de\/index.php\/wp-json\/wp\/v2\/media\/248"}],"wp:attachment":[{"href":"http:\/\/www.ketreko.de\/index.php\/wp-json\/wp\/v2\/media?parent=197"}],"wp:term":[{"taxonomy":"category","embeddable":true,"href":"http:\/\/www.ketreko.de\/index.php\/wp-json\/wp\/v2\/categories?post=197"},{"taxonomy":"post_tag","embeddable":true,"href":"http:\/\/www.ketreko.de\/index.php\/wp-json\/wp\/v2\/tags?post=197"}],"curies":[{"name":"wp","href":"https:\/\/api.w.org\/{rel}","templated":true}]}}