{"id":341,"date":"2018-02-19T19:00:16","date_gmt":"2018-02-19T18:00:16","guid":{"rendered":"http:\/\/www.ketreko.de\/?p=341"},"modified":"2018-02-19T19:04:39","modified_gmt":"2018-02-19T18:04:39","slug":"collagen-workshop-in-mannheim","status":"publish","type":"post","link":"http:\/\/www.ketreko.de\/index.php\/2018\/02\/19\/collagen-workshop-in-mannheim\/","title":{"rendered":"Collagen Workshop in Mannheim"},"content":{"rendered":"<p>Am Samstag gab es einen eint\u00e4gigen Workshop bei Sabine vom Werkladen Jeromin. Das Thema waren Collagen mit der Inspiration &#8222;Gartentraum- Traumg\u00e4rten). Das ist ein weites Feld (oder Garten&#8230;) was sich da per Collagen darstellen l\u00e4sst. Sabine ist eine wunderbare Workshop Leiterin, die viel wei\u00df und ihr Wissen teilt.<\/p>\n<p>Warum eigentlich Workshops? Man k\u00f6nnte ja auch einfach Material zusammen stellen, das Eine oder Andere einkaufen und in den eigenen viel W\u00e4nden loslegen. Ich beantworte das mal aus meiner Sicht:<\/p>\n<ol>\n<li><strong>Inspiration<\/strong>: die Erfahrungen der anderen Teilnehmerinnen, die unterschiedliche Herangehensweise, jede kommt aus einer anderen k\u00fcnstlerischen oder handwerklichen Richtung. Der Austausch, die Gespr\u00e4che und die gemeinsame Leidenschaft. Die Beispiele zu betrachten, die der Teacher mitbringt nicht zu vergessen.<\/li>\n<li><strong>Materialkunde<\/strong>: Diese ist im k\u00fcnstlerischen und handwerklichen Prozess ganz wesentlich.\u00a0Das angebotene Material, ist immer mit Sorgfalt ausgesucht und bei der Masse der Materialien und unterschiedlichen Fabrikate (und deren Preise!) kann einem schon mal schwindelig werden. Welcher Kleber, welches Papier, welche Farbe, die unterschiedlichen Eigenschaften, Ergebnisse und Anwendungsbeispiele, die Erfahrungen &#8222;was erreiche ich womit&#8220; und wie erreiche ich es &#8222;gelungener&#8220;. Klar, das gibt es alles im Internet zum Nachlesen, beispielsweise in Blogs, aber eben nur zum LESEN und nicht zum ANF\u00dcHLEN und AUSPROBIEREN und WAHRNEHMEN.<\/li>\n<li><strong>Thementiefe<\/strong>: Jenseits vom alleinigen Ziel, ein (sch\u00f6nes) Produkt herzustellen, wird das Thema auch theoretisch differenziert und umfassend betrachtet. Es gibt immer eine F\u00fclle von Informationen: Gestalterische Grundlagen spielen da ebenso eine Rolle, wie das Besprechen von Beispielen von K\u00fcnstlern und das Anschauen von mitgebrachten B\u00fcchern. Und B\u00fccher im Kunsthandwerk ist ja noch mal eine gaaaanz eigene Sache!<\/li>\n<\/ol>\n<p>Besonders gefreut habe ich mich auf das Ausprobieren, mit einer Gelatine-Platte zu Drucken. Mit der habe ich vorher noch nicht gearbeitet. Die sind ganz sch\u00f6n teuer, \u00fcber 30 \u20ac f\u00fcr ein A4 Format. Das Ergebnis ist eben ein ganz fein und gleichm\u00e4\u00dfig verteilter Farbauftrag.<\/p>\n<p>Sabine hat f\u00fcr uns viele Papiere vorbereitet mit denen wir gleich loslegen konnten, sch\u00f6n farblich sortiert. Neben Druckpapieren auch Rost-, Shibori- und Ecoprint-Papiere, Pflanzenteile, Magazine, Buch- und Notenseiten und Stoffe, Farben in H\u00fclle und F\u00fclle, Stempel und Stempelkissen.<\/p>\n<p>Wir konnten gleich loslegen.<\/p>\n<figure id=\"attachment_342\" aria-describedby=\"caption-attachment-342\" style=\"width: 648px\" class=\"wp-caption aligncenter\"><img loading=\"lazy\" decoding=\"async\" class=\"wp-image-342\" src=\"http:\/\/www.ketreko.de\/wp-content\/uploads\/2018\/02\/IMG_20180217_172107-300x222.jpg\" alt=\"\" width=\"648\" height=\"480\" srcset=\"http:\/\/www.ketreko.de\/wp-content\/uploads\/2018\/02\/IMG_20180217_172107-300x222.jpg 300w, http:\/\/www.ketreko.de\/wp-content\/uploads\/2018\/02\/IMG_20180217_172107-768x568.jpg 768w, http:\/\/www.ketreko.de\/wp-content\/uploads\/2018\/02\/IMG_20180217_172107.jpg 800w\" sizes=\"(max-width: 648px) 100vw, 648px\" \/><figcaption id=\"caption-attachment-342\" class=\"wp-caption-text\">eine F\u00fclle an Material und viel Platz zum Arbeiten: Jeromin in Mannheim<\/figcaption><\/figure>\n<p><img loading=\"lazy\" decoding=\"async\" class=\" wp-image-348 aligncenter\" src=\"http:\/\/www.ketreko.de\/wp-content\/uploads\/2018\/02\/DSC_9102-261x300.jpg\" alt=\"\" width=\"343\" height=\"394\" srcset=\"http:\/\/www.ketreko.de\/wp-content\/uploads\/2018\/02\/DSC_9102-261x300.jpg 261w, http:\/\/www.ketreko.de\/wp-content\/uploads\/2018\/02\/DSC_9102.jpg 697w\" sizes=\"(max-width: 343px) 100vw, 343px\" \/><\/p>\n<p>Entstanden sind zwei Collagen, beide unvollendet. Eine schwer und schwarz, die trotz vieler Elemente irgendwie Hintergrund geblieben ist&#8230;<\/p>\n<p><img loading=\"lazy\" decoding=\"async\" class=\" wp-image-349 aligncenter\" src=\"http:\/\/www.ketreko.de\/wp-content\/uploads\/2018\/02\/DSC_9105-200x300.jpg\" alt=\"\" width=\"329\" height=\"494\" srcset=\"http:\/\/www.ketreko.de\/wp-content\/uploads\/2018\/02\/DSC_9105-200x300.jpg 200w, http:\/\/www.ketreko.de\/wp-content\/uploads\/2018\/02\/DSC_9105.jpg 534w\" sizes=\"(max-width: 329px) 100vw, 329px\" \/><\/p>\n<p>und was leichtes gr\u00fcnes mit wehenden Bl\u00e4ttern. Das Ginko-Blatt ist an meinem Lieblings-See gewachsen und ich wollte was draufschreiben, aber<\/p>\n<p>au\u00dfer &#8222;Heimat&#8220; is mir nix eingefallen und das fand ich dann doch zu bl\u00f6d&#8230;<\/p>\n<p><img loading=\"lazy\" decoding=\"async\" class=\" wp-image-350 aligncenter\" src=\"http:\/\/www.ketreko.de\/wp-content\/uploads\/2018\/02\/DSC_9106-200x300.jpg\" alt=\"\" width=\"317\" height=\"476\" srcset=\"http:\/\/www.ketreko.de\/wp-content\/uploads\/2018\/02\/DSC_9106-200x300.jpg 200w, http:\/\/www.ketreko.de\/wp-content\/uploads\/2018\/02\/DSC_9106.jpg 534w\" sizes=\"(max-width: 317px) 100vw, 317px\" \/><\/p>\n<p>Ich habe beide Collagen noch etwas nachbearbeitet. Jetzt gefallen sie mir besser. Obwohl das Beschriften mich viel Mut gekostet hat, wenns dann doch versaut ist&#8230; Die Aussage ist nun einfach eine andere und ich mag es, Bl\u00e4tter zu Beschreiben<\/p>\n<p><img loading=\"lazy\" decoding=\"async\" class=\" wp-image-351 aligncenter\" src=\"http:\/\/www.ketreko.de\/wp-content\/uploads\/2018\/02\/DSC_9108-300x266.jpg\" alt=\"\" width=\"458\" height=\"406\" srcset=\"http:\/\/www.ketreko.de\/wp-content\/uploads\/2018\/02\/DSC_9108-300x266.jpg 300w, http:\/\/www.ketreko.de\/wp-content\/uploads\/2018\/02\/DSC_9108-768x681.jpg 768w, http:\/\/www.ketreko.de\/wp-content\/uploads\/2018\/02\/DSC_9108.jpg 800w\" sizes=\"(max-width: 458px) 100vw, 458px\" \/><\/p>\n<p><img loading=\"lazy\" decoding=\"async\" class=\" wp-image-352 aligncenter\" src=\"http:\/\/www.ketreko.de\/wp-content\/uploads\/2018\/02\/DSC_9113-300x214.jpg\" alt=\"\" width=\"442\" height=\"315\" srcset=\"http:\/\/www.ketreko.de\/wp-content\/uploads\/2018\/02\/DSC_9113-300x214.jpg 300w, http:\/\/www.ketreko.de\/wp-content\/uploads\/2018\/02\/DSC_9113-768x548.jpg 768w, http:\/\/www.ketreko.de\/wp-content\/uploads\/2018\/02\/DSC_9113.jpg 800w\" sizes=\"(max-width: 442px) 100vw, 442px\" \/><\/p>\n<p>&nbsp;<\/p>\n<p>Die Hortensien-Bl\u00fcten, die ich f\u00fcr die dunkle Collage verwendet habe, sind von einem Ecoprint. sie haben eine sch\u00f6ne Farbe durch das Kochen bekommen. Leider sind sie Teil des Hintergrundes geblieben und nicht, wie erhofft, die Eyecatcher. Daher habe ich sie&#8230;<\/p>\n<p><img loading=\"lazy\" decoding=\"async\" class=\"wp-image-354 aligncenter\" src=\"http:\/\/www.ketreko.de\/wp-content\/uploads\/2018\/02\/DSC_9118-197x300.jpg\" alt=\"\" width=\"334\" height=\"509\" srcset=\"http:\/\/www.ketreko.de\/wp-content\/uploads\/2018\/02\/DSC_9118-197x300.jpg 197w, http:\/\/www.ketreko.de\/wp-content\/uploads\/2018\/02\/DSC_9118.jpg 524w\" sizes=\"(max-width: 334px) 100vw, 334px\" \/><\/p>\n<p>&#8230;durch G\u00e4nsebl\u00fcmchen ersetzt. Ausgedruckt und ausgeschnitten. Das G\u00e4nsebl\u00fcmchen-Foto habe ich nachcoloriert und dann musste noch der Marienk\u00e4fer her.<\/p>\n<p><img loading=\"lazy\" decoding=\"async\" class=\" wp-image-353 aligncenter\" src=\"http:\/\/www.ketreko.de\/wp-content\/uploads\/2018\/02\/DSC_9116-300x203.jpg\" alt=\"\" width=\"434\" height=\"294\" srcset=\"http:\/\/www.ketreko.de\/wp-content\/uploads\/2018\/02\/DSC_9116-300x203.jpg 300w, http:\/\/www.ketreko.de\/wp-content\/uploads\/2018\/02\/DSC_9116.jpg 733w\" sizes=\"(max-width: 434px) 100vw, 434px\" \/><\/p>\n<p>Das Voltaire-Zitat hatte ich mitgebracht. Ich habe es mit meiner Reiseschreibmaschine auf eine Teebeutelpapier geschrieben, selbstverst\u00e4ndlich ein benutztes, versteht sich.<\/p>\n<p><img loading=\"lazy\" decoding=\"async\" class=\" wp-image-355 aligncenter\" src=\"http:\/\/www.ketreko.de\/wp-content\/uploads\/2018\/02\/DSC_9122-300x217.jpg\" alt=\"\" width=\"445\" height=\"322\" srcset=\"http:\/\/www.ketreko.de\/wp-content\/uploads\/2018\/02\/DSC_9122-300x217.jpg 300w, http:\/\/www.ketreko.de\/wp-content\/uploads\/2018\/02\/DSC_9122-768x556.jpg 768w, http:\/\/www.ketreko.de\/wp-content\/uploads\/2018\/02\/DSC_9122.jpg 800w\" sizes=\"(max-width: 445px) 100vw, 445px\" \/><\/p>\n<p>Hat viel Spa\u00df gemacht und viele neue Ideen in meinen Traumgarten gepflanzt.<\/p>\n<p>herzlichst, Kerstin<\/p>\n","protected":false},"excerpt":{"rendered":"<p>Am Samstag gab es einen eint\u00e4gigen Workshop bei Sabine vom Werkladen Jeromin. Das Thema waren Collagen mit der Inspiration &#8222;Gartentraum- Traumg\u00e4rten). Das ist ein weites Feld (oder Garten&#8230;) was sich da per Collagen darstellen l\u00e4sst. Sabine ist eine wunderbare Workshop Leiterin, die viel wei\u00df und ihr Wissen teilt. Warum eigentlich Workshops? Man k\u00f6nnte ja auch [&hellip;]<\/p>\n","protected":false},"author":1,"featured_media":354,"comment_status":"open","ping_status":"open","sticky":false,"template":"","format":"standard","meta":{"footnotes":""},"categories":[42],"tags":[31,41,13],"_links":{"self":[{"href":"http:\/\/www.ketreko.de\/index.php\/wp-json\/wp\/v2\/posts\/341"}],"collection":[{"href":"http:\/\/www.ketreko.de\/index.php\/wp-json\/wp\/v2\/posts"}],"about":[{"href":"http:\/\/www.ketreko.de\/index.php\/wp-json\/wp\/v2\/types\/post"}],"author":[{"embeddable":true,"href":"http:\/\/www.ketreko.de\/index.php\/wp-json\/wp\/v2\/users\/1"}],"replies":[{"embeddable":true,"href":"http:\/\/www.ketreko.de\/index.php\/wp-json\/wp\/v2\/comments?post=341"}],"version-history":[{"count":8,"href":"http:\/\/www.ketreko.de\/index.php\/wp-json\/wp\/v2\/posts\/341\/revisions"}],"predecessor-version":[{"id":358,"href":"http:\/\/www.ketreko.de\/index.php\/wp-json\/wp\/v2\/posts\/341\/revisions\/358"}],"wp:featuredmedia":[{"embeddable":true,"href":"http:\/\/www.ketreko.de\/index.php\/wp-json\/wp\/v2\/media\/354"}],"wp:attachment":[{"href":"http:\/\/www.ketreko.de\/index.php\/wp-json\/wp\/v2\/media?parent=341"}],"wp:term":[{"taxonomy":"category","embeddable":true,"href":"http:\/\/www.ketreko.de\/index.php\/wp-json\/wp\/v2\/categories?post=341"},{"taxonomy":"post_tag","embeddable":true,"href":"http:\/\/www.ketreko.de\/index.php\/wp-json\/wp\/v2\/tags?post=341"}],"curies":[{"name":"wp","href":"https:\/\/api.w.org\/{rel}","templated":true}]}}