{"id":433,"date":"2018-03-13T19:39:53","date_gmt":"2018-03-13T18:39:53","guid":{"rendered":"http:\/\/www.ketreko.de\/?p=433"},"modified":"2018-03-14T14:27:47","modified_gmt":"2018-03-14T13:27:47","slug":"muster-mittwoch-klecks-bluemchen","status":"publish","type":"post","link":"http:\/\/www.ketreko.de\/index.php\/2018\/03\/13\/muster-mittwoch-klecks-bluemchen\/","title":{"rendered":"Muster Mittwoch &#8211; Klecks-Bl\u00fcmchen"},"content":{"rendered":"<p>Wenn ich Kunst-Material einkaufe, bei dem gro\u00dfen Laden mit B, bin ich in der Regel so um die 100 Ocken los. Wenn ich sage &#8222;ich fahr\u00b4 mal eben zu B\u00f6&#8212;- nach Mutterstadt&#8220;, kommt inzwischen auch gleich der Nachwuchs angerannt und will seit Neuestem mit, was den Einkauf nicht g\u00fcnstiger macht.<\/p>\n<p>Hach, da gibt es aber auch einfach die sch\u00f6nsten Sachen und alle kann ich WIRKLICH brauchen!!! An einer Sache komme ich dort gar nicht vorbei, ohne etwas zu kaufen und das ist das Regal mit Tusche. Wahrscheinlich liegt es an der Verpackung. Die Fl\u00e4schchen sehen aber auch zum Verlieben aus, mit ihrem bunten Inhalt und den sch\u00f6nen Etiketten. Andere stehen auf Nagellack, ich auf Tusche (obwohl man mit Nagellack auch k\u00fcnstlerisch sch\u00f6ne Dinge anstellen kann).<\/p>\n<p><img loading=\"lazy\" decoding=\"async\" class=\"wp-image-439 aligncenter\" src=\"http:\/\/www.ketreko.de\/wp-content\/uploads\/2018\/03\/DSC_9159k-300x223.jpg\" alt=\"\" width=\"355\" height=\"264\" srcset=\"http:\/\/www.ketreko.de\/wp-content\/uploads\/2018\/03\/DSC_9159k-300x223.jpg 300w, http:\/\/www.ketreko.de\/wp-content\/uploads\/2018\/03\/DSC_9159k.jpg 500w\" sizes=\"(max-width: 355px) 100vw, 355px\" \/><\/p>\n<p style=\"text-align: left;\">Zum Einsatz gebracht habe ich meine kleinen Tusche-Sch\u00e4tzchen f\u00fcr das <a href=\"http:\/\/muellerinart.blogspot.de\/2018\/03\/bunte-bucher-und-blumchen-muster.html\">M\u00e4rz-Muster-Mittwoch-Thema<\/a>: Streubl\u00fcmchen. Nicht niedlich gezeichnet, sondern erst mit der Tusche wild gekleckst und gespritzt und anschlie\u00dfend manche Kleckse und Spritzer mit dem Tuschestift zu Bl\u00fcmchen gekritzelt (und K\u00e4fer und Spinnen und Hummeln).<\/p>\n<p style=\"text-align: center;\"><img loading=\"lazy\" decoding=\"async\" class=\"alignnone wp-image-436\" src=\"http:\/\/www.ketreko.de\/wp-content\/uploads\/2018\/03\/DSC_9139k-300x200.jpg\" alt=\"\" width=\"404\" height=\"269\" srcset=\"http:\/\/www.ketreko.de\/wp-content\/uploads\/2018\/03\/DSC_9139k-300x200.jpg 300w, http:\/\/www.ketreko.de\/wp-content\/uploads\/2018\/03\/DSC_9139k.jpg 500w\" sizes=\"(max-width: 404px) 100vw, 404px\" \/><\/p>\n<p style=\"text-align: center;\"><img loading=\"lazy\" decoding=\"async\" class=\"alignnone size-medium wp-image-438\" src=\"http:\/\/www.ketreko.de\/wp-content\/uploads\/2018\/03\/DSC_9153kk-263x300.jpg\" alt=\"\" width=\"263\" height=\"300\" srcset=\"http:\/\/www.ketreko.de\/wp-content\/uploads\/2018\/03\/DSC_9153kk-263x300.jpg 263w, http:\/\/www.ketreko.de\/wp-content\/uploads\/2018\/03\/DSC_9153kk.jpg 293w\" sizes=\"(max-width: 263px) 100vw, 263px\" \/><\/p>\n<p>Das Klecksen hat Spa\u00df gemacht, richtig viel! Nachdem ich irgendwann mit dem Scrapbooken in Ordentlich aufgeh\u00f6rt hatte und mich mehr und mehr mit Mixed-Media besch\u00e4ftigt habe, landeten immer viele Kleckse auf meinen Werken. Ich glaube, das mache ich nun wieder \u00f6fter&#8230; Ich glaube, ich brauche dazu noch mehr Tusche in noch mehr verschiedenen Farben&#8230; ich glaube, ich fahr\u00b4 mal schnell nach Mutterstadt&#8230;.<\/p>\n<p>Oder doch lieber die Aquarellfarben mit dem Tuschestift kombinieren&#8230; Die gelben Blumen sind mit Aquarellfarbe, weil ich keine gelbe Tusche habe. Wo ist eigentlich der Unterschied von Tusche und Aquarell? Ist beides transparent, farbintensiv und auf Wasserbasis&#8230; Ach je, es gibt so vieles, was ich nicht wei\u00df.<\/p>\n<p>herzlichst, Kerstin<\/p>\n","protected":false},"excerpt":{"rendered":"<p>Wenn ich Kunst-Material einkaufe, bei dem gro\u00dfen Laden mit B, bin ich in der Regel so um die 100 Ocken los. Wenn ich sage &#8222;ich fahr\u00b4 mal eben zu B\u00f6&#8212;- nach Mutterstadt&#8220;, kommt inzwischen auch gleich der Nachwuchs angerannt und will seit Neuestem mit, was den Einkauf nicht g\u00fcnstiger macht. Hach, da gibt es aber [&hellip;]<\/p>\n","protected":false},"author":1,"featured_media":437,"comment_status":"open","ping_status":"open","sticky":false,"template":"","format":"standard","meta":{"footnotes":""},"categories":[18],"tags":[41,30,47],"_links":{"self":[{"href":"http:\/\/www.ketreko.de\/index.php\/wp-json\/wp\/v2\/posts\/433"}],"collection":[{"href":"http:\/\/www.ketreko.de\/index.php\/wp-json\/wp\/v2\/posts"}],"about":[{"href":"http:\/\/www.ketreko.de\/index.php\/wp-json\/wp\/v2\/types\/post"}],"author":[{"embeddable":true,"href":"http:\/\/www.ketreko.de\/index.php\/wp-json\/wp\/v2\/users\/1"}],"replies":[{"embeddable":true,"href":"http:\/\/www.ketreko.de\/index.php\/wp-json\/wp\/v2\/comments?post=433"}],"version-history":[{"count":4,"href":"http:\/\/www.ketreko.de\/index.php\/wp-json\/wp\/v2\/posts\/433\/revisions"}],"predecessor-version":[{"id":442,"href":"http:\/\/www.ketreko.de\/index.php\/wp-json\/wp\/v2\/posts\/433\/revisions\/442"}],"wp:featuredmedia":[{"embeddable":true,"href":"http:\/\/www.ketreko.de\/index.php\/wp-json\/wp\/v2\/media\/437"}],"wp:attachment":[{"href":"http:\/\/www.ketreko.de\/index.php\/wp-json\/wp\/v2\/media?parent=433"}],"wp:term":[{"taxonomy":"category","embeddable":true,"href":"http:\/\/www.ketreko.de\/index.php\/wp-json\/wp\/v2\/categories?post=433"},{"taxonomy":"post_tag","embeddable":true,"href":"http:\/\/www.ketreko.de\/index.php\/wp-json\/wp\/v2\/tags?post=433"}],"curies":[{"name":"wp","href":"https:\/\/api.w.org\/{rel}","templated":true}]}}