{"id":635,"date":"2018-04-25T19:46:05","date_gmt":"2018-04-25T18:46:05","guid":{"rendered":"http:\/\/www.ketreko.de\/?p=635"},"modified":"2018-04-25T19:46:05","modified_gmt":"2018-04-25T18:46:05","slug":"zarte-blueten","status":"publish","type":"post","link":"http:\/\/www.ketreko.de\/index.php\/2018\/04\/25\/zarte-blueten\/","title":{"rendered":"zarte Bl\u00fcten&#8230;"},"content":{"rendered":"<p style=\"text-align: center;\">&#8230;in Kirschb\u00e4umen verwandeln die Bergstra\u00dfe Mitte April in eine traumhafte Szene.<\/p>\n<p style=\"text-align: center;\">F\u00fcr meine <a href=\"http:\/\/www.ketreko.de\/index.php\/2018\/04\/16\/walzendruck-schritt-fuer-schritt-schicht-fuer-schicht\/\">Fr\u00fchlingspost-Walzendrucke<\/a> habe ich dieses Landschafts-Bild schon verwendet.<\/p>\n<p>Beim Werkeln und Entwerfen meiner Walzen, entstanden Stempel: \u00c4ste, Bl\u00fctenbl\u00e4tter und Bl\u00fctenmitten. So eine kleine Bl\u00fcte mit einzelnen Bl\u00fctenbl\u00e4ttern zu stempeln ist eher m\u00fchsam. Aber das Ergebnis ist einfach sch\u00f6n, da man die Stempel mit mehrmaligem Abdrucken farblich abstufen kann. Manche Bl\u00e4tter haben nur noch einen Hauch Farbe. Dieser Effekt gef\u00e4llt mir sehr gut, da nehme ich die M\u00fche auf mich.<\/p>\n<p><img loading=\"lazy\" decoding=\"async\" class=\" wp-image-641 aligncenter\" src=\"http:\/\/www.ketreko.de\/wp-content\/uploads\/2018\/04\/IMG_20180423_124437-300x196.jpg\" alt=\"\" width=\"501\" height=\"327\" srcset=\"http:\/\/www.ketreko.de\/wp-content\/uploads\/2018\/04\/IMG_20180423_124437-300x196.jpg 300w, http:\/\/www.ketreko.de\/wp-content\/uploads\/2018\/04\/IMG_20180423_124437.jpg 500w\" sizes=\"(max-width: 501px) 100vw, 501px\" \/><\/p>\n<p>Als die <a href=\"https:\/\/www.haupt.ch\/magazin\/gestalten\/10321\/\">Verlosungs-Aktion &#8222;Fr\u00fchlingsboten&#8220; vom Haupt-Verlag<\/a>\u00a0bekannt wurde, habe ich erst mal viele Ideen gehabt und einige Collagen angefertigt. die hatten aber alle irgendwie so gar nix mit Fr\u00fchling zu tun. Am Ende landete ich bei meinem Kirschbl\u00fcten-Thema und meinen Entwurfs-Stempeln.<\/p>\n<p style=\"text-align: center;\">Damit habe ich die Karte gestaltet. Im Hintergrund mein Walzen-Druck. \u00c4hnlichkeiten beabsichtigt.<\/p>\n<p><img loading=\"lazy\" decoding=\"async\" class=\" wp-image-636 aligncenter\" src=\"http:\/\/www.ketreko.de\/wp-content\/uploads\/2018\/04\/DSC_9382-300x200.jpg\" alt=\"\" width=\"500\" height=\"333\" srcset=\"http:\/\/www.ketreko.de\/wp-content\/uploads\/2018\/04\/DSC_9382-300x200.jpg 300w, http:\/\/www.ketreko.de\/wp-content\/uploads\/2018\/04\/DSC_9382-768x512.jpg 768w, http:\/\/www.ketreko.de\/wp-content\/uploads\/2018\/04\/DSC_9382-1024x683.jpg 1024w, http:\/\/www.ketreko.de\/wp-content\/uploads\/2018\/04\/DSC_9382-735x490.jpg 735w\" sizes=\"(max-width: 500px) 100vw, 500px\" \/><\/p>\n<p style=\"text-align: center;\">gestempelt<\/p>\n<p style=\"text-align: center;\">collagiert<\/p>\n<p style=\"text-align: center;\">coloriert<\/p>\n<p style=\"text-align: center;\">und gelettert<\/p>\n<p><img loading=\"lazy\" decoding=\"async\" class=\" wp-image-638 aligncenter\" src=\"http:\/\/www.ketreko.de\/wp-content\/uploads\/2018\/04\/DSC_9380-300x200.jpg\" alt=\"\" width=\"500\" height=\"333\" srcset=\"http:\/\/www.ketreko.de\/wp-content\/uploads\/2018\/04\/DSC_9380-300x200.jpg 300w, http:\/\/www.ketreko.de\/wp-content\/uploads\/2018\/04\/DSC_9380-768x512.jpg 768w, http:\/\/www.ketreko.de\/wp-content\/uploads\/2018\/04\/DSC_9380-1024x683.jpg 1024w, http:\/\/www.ketreko.de\/wp-content\/uploads\/2018\/04\/DSC_9380-735x490.jpg 735w\" sizes=\"(max-width: 500px) 100vw, 500px\" \/><\/p>\n<p>Die Stempel bilden den Hintergrund. Die Bienen habe ich mit dem Laserdrucker auf chinesischem Wenzou-Papier gedruckt. Das habe ich bei einem Workshop von Sabine Jeromin-Gerds kennen und lieben gelernt. Die einzelne Bl\u00fcte ist aus handbedruckten Papieren zusammengestellt. Ich mache, wenn noch Farbe \u00fcbrig ist auf der Druckplatte, immer nochmal einen Abdruck. Dabei ist immer auch Wenzou Papier oder gerne auch auf irgendeinem anderen Papier, was grad rumliegt. Diese Resteverwertungs-Papiere sind hervorragend F\u00fcr Collagen. Das Pinke ist ein Verpackungspapier, das ich mit einem Holzmaserungs-Stempel bedruckt habe.<\/p>\n<p><img loading=\"lazy\" decoding=\"async\" class=\" wp-image-640 aligncenter\" src=\"http:\/\/www.ketreko.de\/wp-content\/uploads\/2018\/04\/IMG_20180423_123624-300x204.jpg\" alt=\"\" width=\"501\" height=\"341\" srcset=\"http:\/\/www.ketreko.de\/wp-content\/uploads\/2018\/04\/IMG_20180423_123624-300x204.jpg 300w, http:\/\/www.ketreko.de\/wp-content\/uploads\/2018\/04\/IMG_20180423_123624.jpg 500w\" sizes=\"(max-width: 501px) 100vw, 501px\" \/><\/p>\n<p>Das Lettern ist nicht so ganz meins. Ich tu mich da etwas schwer. Vielleicht mit etwas mehr \u00dcbung? Brush-Pens liegen mit gar nicht. Ich bekomme keine d\u00fcnnen Linien hin. Ich habe mich entschieden die Konturen und Linien vorzuzeichnen und dann die breiten Striche auszugemalen. Mit einem Tusche-Stift mit feiner Spitze.<\/p>\n<p><img loading=\"lazy\" decoding=\"async\" class=\" wp-image-642 aligncenter\" src=\"http:\/\/www.ketreko.de\/wp-content\/uploads\/2018\/04\/IMG_20180423_130008-300x221.jpg\" alt=\"\" width=\"501\" height=\"369\" srcset=\"http:\/\/www.ketreko.de\/wp-content\/uploads\/2018\/04\/IMG_20180423_130008-300x221.jpg 300w, http:\/\/www.ketreko.de\/wp-content\/uploads\/2018\/04\/IMG_20180423_130008.jpg 500w\" sizes=\"(max-width: 501px) 100vw, 501px\" \/><\/p>\n<p>Tja und das Thema: Die Bienen. Ich habe vor vielen Jahren das Buch <a href=\"https:\/\/de.wikipedia.org\/wiki\/Der_stumme_Fr%C3%BChling\">&#8222;Der stumme Fr\u00fchling&#8220; von Rachel Carson<\/a>, aus dem Jahr 1962 gelesen. Das Thema ist Artensterben durch Umweltgifte. Da ging es zwar um V\u00f6gel, aber mit Bienen ist es das Gleiche. Ich lass f\u00fcr die Bienen und alle anderen &#8222;Viecher&#8220; den Rasen zu einer Wiese wachsen und die Zaunr\u00fcbe darf auch dieses Jahr wieder die Hecke \u00fcberwuchern. Wenn jemand fragt, ob wir die Gartenpflege vergessen, dann vertrete ich den Zustand als zeitgem\u00e4\u00dfe, naturnahe Gartengestaltung. Basta! Und ein wilder Garten muss auch gepflegt werden, aber eben anders!<\/p>\n<p>Eigentlich wollte ich eine kleine Karten-Serie herstellen. Aber die Details waren doch sehr aufw\u00e4ndig. Daher bleibt es ein Unikat. Ich werde die Karte scannen und ausdrucken um sie zu vervielf\u00e4ltigen. Diese Eine bekommt eine Freundin Anfang Mai zum Geburtstag, selbstverst\u00e4ndlich per Post!<\/p>\n<p>Und jetzt: Daumen dr\u00fccken f\u00fcr die Verlosung.<\/p>\n<p>herzlichst, Kerstin<\/p>\n","protected":false},"excerpt":{"rendered":"<p>&#8230;in Kirschb\u00e4umen verwandeln die Bergstra\u00dfe Mitte April in eine traumhafte Szene. F\u00fcr meine Fr\u00fchlingspost-Walzendrucke habe ich dieses Landschafts-Bild schon verwendet. Beim Werkeln und Entwerfen meiner Walzen, entstanden Stempel: \u00c4ste, Bl\u00fctenbl\u00e4tter und Bl\u00fctenmitten. So eine kleine Bl\u00fcte mit einzelnen Bl\u00fctenbl\u00e4ttern zu stempeln ist eher m\u00fchsam. Aber das Ergebnis ist einfach sch\u00f6n, da man die Stempel mit [&hellip;]<\/p>\n","protected":false},"author":1,"featured_media":637,"comment_status":"open","ping_status":"open","sticky":false,"template":"","format":"standard","meta":{"footnotes":""},"categories":[56,9,42],"tags":[31,57,26,51,41,13,12],"_links":{"self":[{"href":"http:\/\/www.ketreko.de\/index.php\/wp-json\/wp\/v2\/posts\/635"}],"collection":[{"href":"http:\/\/www.ketreko.de\/index.php\/wp-json\/wp\/v2\/posts"}],"about":[{"href":"http:\/\/www.ketreko.de\/index.php\/wp-json\/wp\/v2\/types\/post"}],"author":[{"embeddable":true,"href":"http:\/\/www.ketreko.de\/index.php\/wp-json\/wp\/v2\/users\/1"}],"replies":[{"embeddable":true,"href":"http:\/\/www.ketreko.de\/index.php\/wp-json\/wp\/v2\/comments?post=635"}],"version-history":[{"count":8,"href":"http:\/\/www.ketreko.de\/index.php\/wp-json\/wp\/v2\/posts\/635\/revisions"}],"predecessor-version":[{"id":649,"href":"http:\/\/www.ketreko.de\/index.php\/wp-json\/wp\/v2\/posts\/635\/revisions\/649"}],"wp:featuredmedia":[{"embeddable":true,"href":"http:\/\/www.ketreko.de\/index.php\/wp-json\/wp\/v2\/media\/637"}],"wp:attachment":[{"href":"http:\/\/www.ketreko.de\/index.php\/wp-json\/wp\/v2\/media?parent=635"}],"wp:term":[{"taxonomy":"category","embeddable":true,"href":"http:\/\/www.ketreko.de\/index.php\/wp-json\/wp\/v2\/categories?post=635"},{"taxonomy":"post_tag","embeddable":true,"href":"http:\/\/www.ketreko.de\/index.php\/wp-json\/wp\/v2\/tags?post=635"}],"curies":[{"name":"wp","href":"https:\/\/api.w.org\/{rel}","templated":true}]}}