{"id":657,"date":"2018-05-02T20:09:52","date_gmt":"2018-05-02T19:09:52","guid":{"rendered":"http:\/\/www.ketreko.de\/?p=657"},"modified":"2018-09-30T19:04:57","modified_gmt":"2018-09-30T18:04:57","slug":"muster-mittwoch-im-mai-fruehlings-baeume","status":"publish","type":"post","link":"http:\/\/www.ketreko.de\/index.php\/2018\/05\/02\/muster-mittwoch-im-mai-fruehlings-baeume\/","title":{"rendered":"Muster-Mittwoch Mai &#8211; Fr\u00fchlings-B\u00e4ume Nr.1"},"content":{"rendered":"<p>Mit vorhandenen Bl\u00e4tter-Stempeln entstand nach einigem \u00dcben, ein regelm\u00e4\u00dfiges Fr\u00fchlings-Blatt-Muster. Etwas schwierig, die bB\u00e4tter exakt zu Platzieren. Eigentlich sind sie Teile f\u00fcr eine Natur-Landschaft, an der ich arbeite.<\/p>\n<p><img loading=\"lazy\" decoding=\"async\" class=\" wp-image-658 aligncenter\" src=\"http:\/\/www.ketreko.de\/wp-content\/uploads\/2018\/05\/IMG_20180501_080645-300x217.jpg\" alt=\"\" width=\"500\" height=\"362\" srcset=\"http:\/\/www.ketreko.de\/wp-content\/uploads\/2018\/05\/IMG_20180501_080645-300x217.jpg 300w, http:\/\/www.ketreko.de\/wp-content\/uploads\/2018\/05\/IMG_20180501_080645.jpg 500w\" sizes=\"(max-width: 500px) 100vw, 500px\" \/><\/p>\n<p><img loading=\"lazy\" decoding=\"async\" class=\" wp-image-661 aligncenter\" src=\"http:\/\/www.ketreko.de\/wp-content\/uploads\/2018\/05\/IMG_20180501_084129-2-300x212.jpg\" alt=\"\" width=\"500\" height=\"353\" srcset=\"http:\/\/www.ketreko.de\/wp-content\/uploads\/2018\/05\/IMG_20180501_084129-2-300x212.jpg 300w, http:\/\/www.ketreko.de\/wp-content\/uploads\/2018\/05\/IMG_20180501_084129-2.jpg 500w\" sizes=\"(max-width: 500px) 100vw, 500px\" \/><\/p>\n<p style=\"text-align: center;\">Ein Bezugs- oder Collagepapier<\/p>\n<p><img loading=\"lazy\" decoding=\"async\" class=\" wp-image-662 aligncenter\" src=\"http:\/\/www.ketreko.de\/wp-content\/uploads\/2018\/05\/IMG_20180501_084143-2-300x225.jpg\" alt=\"\" width=\"501\" height=\"376\" srcset=\"http:\/\/www.ketreko.de\/wp-content\/uploads\/2018\/05\/IMG_20180501_084143-2-300x225.jpg 300w, http:\/\/www.ketreko.de\/wp-content\/uploads\/2018\/05\/IMG_20180501_084143-2.jpg 500w\" sizes=\"(max-width: 501px) 100vw, 501px\" \/><\/p>\n<p style=\"text-align: center;\">Gleich verwertet, f\u00fcr zwei Geburtstags-Karten, maskulin.<\/p>\n<p style=\"text-align: center;\">Mit Seiden- und Transparentpapier habe ich noch ein Blatt gestaltet. Sieht eher wie ein Baum aus, oder ein Hybrid. Jeder sieht, was er\/sie m\u00f6chte.<\/p>\n<p><img loading=\"lazy\" decoding=\"async\" class=\" wp-image-659 aligncenter\" src=\"http:\/\/www.ketreko.de\/wp-content\/uploads\/2018\/05\/IMG_20180501_084036-300x221.jpg\" alt=\"\" width=\"510\" height=\"376\" srcset=\"http:\/\/www.ketreko.de\/wp-content\/uploads\/2018\/05\/IMG_20180501_084036-300x221.jpg 300w, http:\/\/www.ketreko.de\/wp-content\/uploads\/2018\/05\/IMG_20180501_084036.jpg 500w\" sizes=\"(max-width: 510px) 100vw, 510px\" \/><\/p>\n<p>Die Karten sind schon ausgeliefert. Jetzt verlinke ich meine Fr\u00fchlings-Baum-Bl\u00e4tter noch bei <a href=\"https:\/\/muellerinart.blogspot.de\/2018\/05\/maibaume-muster-mittwoch-274.html\">Michaela M\u00fcllers Muster-Mittwoch<\/a>.<\/p>\n<p>Herzlichst Kerstin<\/p>\n","protected":false},"excerpt":{"rendered":"<p>Mit vorhandenen Bl\u00e4tter-Stempeln entstand nach einigem \u00dcben, ein regelm\u00e4\u00dfiges Fr\u00fchlings-Blatt-Muster. Etwas schwierig, die bB\u00e4tter exakt zu Platzieren. Eigentlich sind sie Teile f\u00fcr eine Natur-Landschaft, an der ich arbeite. Ein Bezugs- oder Collagepapier Gleich verwertet, f\u00fcr zwei Geburtstags-Karten, maskulin. Mit Seiden- und Transparentpapier habe ich noch ein Blatt gestaltet. Sieht eher wie ein Baum aus, oder [&hellip;]<\/p>\n","protected":false},"author":1,"featured_media":660,"comment_status":"open","ping_status":"open","sticky":false,"template":"","format":"standard","meta":{"footnotes":""},"categories":[56,9,42,32],"tags":[31,51,41,30,12],"_links":{"self":[{"href":"http:\/\/www.ketreko.de\/index.php\/wp-json\/wp\/v2\/posts\/657"}],"collection":[{"href":"http:\/\/www.ketreko.de\/index.php\/wp-json\/wp\/v2\/posts"}],"about":[{"href":"http:\/\/www.ketreko.de\/index.php\/wp-json\/wp\/v2\/types\/post"}],"author":[{"embeddable":true,"href":"http:\/\/www.ketreko.de\/index.php\/wp-json\/wp\/v2\/users\/1"}],"replies":[{"embeddable":true,"href":"http:\/\/www.ketreko.de\/index.php\/wp-json\/wp\/v2\/comments?post=657"}],"version-history":[{"count":3,"href":"http:\/\/www.ketreko.de\/index.php\/wp-json\/wp\/v2\/posts\/657\/revisions"}],"predecessor-version":[{"id":666,"href":"http:\/\/www.ketreko.de\/index.php\/wp-json\/wp\/v2\/posts\/657\/revisions\/666"}],"wp:featuredmedia":[{"embeddable":true,"href":"http:\/\/www.ketreko.de\/index.php\/wp-json\/wp\/v2\/media\/660"}],"wp:attachment":[{"href":"http:\/\/www.ketreko.de\/index.php\/wp-json\/wp\/v2\/media?parent=657"}],"wp:term":[{"taxonomy":"category","embeddable":true,"href":"http:\/\/www.ketreko.de\/index.php\/wp-json\/wp\/v2\/categories?post=657"},{"taxonomy":"post_tag","embeddable":true,"href":"http:\/\/www.ketreko.de\/index.php\/wp-json\/wp\/v2\/tags?post=657"}],"curies":[{"name":"wp","href":"https:\/\/api.w.org\/{rel}","templated":true}]}}