{"id":714,"date":"2018-06-04T15:48:24","date_gmt":"2018-06-04T14:48:24","guid":{"rendered":"http:\/\/www.ketreko.de\/?p=714"},"modified":"2018-09-02T18:54:48","modified_gmt":"2018-09-02T17:54:48","slug":"12tel-blick-und-ein-bericht-von-meiner-costa-rica-reise","status":"publish","type":"post","link":"http:\/\/www.ketreko.de\/index.php\/2018\/06\/04\/12tel-blick-und-ein-bericht-von-meiner-costa-rica-reise\/","title":{"rendered":"12tel Blick im Mai 2018 &#8211; und ein Bericht von meiner Costa Rica Reise"},"content":{"rendered":"<p>Etwas versp\u00e4tet kommt heute mein 12tel blick f\u00fcr den Mai. Alles ist sommerlich Gr\u00fcn geworden in den letzten 4 Wochen! Verlinkt bei <a href=\"https:\/\/evafuchs.blogspot.com\/2018\/05\/mai12tel-blick2018.html\">Verfuchstundzugen\u00e4ht<\/a>.<\/p>\n<p>Am 30.5. war ich noch weit, weit weg: rund 10.000 km in Zentralamerika, in Costa Rica. Das ist bereits meine zweite Reise dorthin gewesen, aber die erste mit Familie. Costa Rica ist ein kleines Land, das zwei K\u00fcsten an den gro\u00dfen Weltmeeren besitzt.<\/p>\n<figure id=\"attachment_717\" aria-describedby=\"caption-attachment-717\" style=\"width: 500px\" class=\"wp-caption aligncenter\"><img loading=\"lazy\" decoding=\"async\" class=\"wp-image-717 size-full\" src=\"http:\/\/www.ketreko.de\/wp-content\/uploads\/2018\/06\/4-heleconie.jpg\" alt=\"\" width=\"500\" height=\"332\" srcset=\"http:\/\/www.ketreko.de\/wp-content\/uploads\/2018\/06\/4-heleconie.jpg 500w, http:\/\/www.ketreko.de\/wp-content\/uploads\/2018\/06\/4-heleconie-300x199.jpg 300w\" sizes=\"(max-width: 500px) 100vw, 500px\" \/><figcaption id=\"caption-attachment-717\" class=\"wp-caption-text\">Helleconie<\/figcaption><\/figure>\n<p>Obwohl es so klein ist, f\u00fchrt es manche Sensations-Listen an: Es gilt als das Land mit den meisten Arten, den meisten Klimazonen (es sollen 14 sein, ich wusste nicht mal, dass es so viele gibt) und das Land mit den gl\u00fccklichsten Menschen! 2009 und 2012 erreichte es in einer weltweiten Befragung Platz 1. Und immerhin liegt es 2018 mit Platz 12 auch noch 4 Pl\u00e4tze vor uns!<\/p>\n<figure id=\"attachment_721\" aria-describedby=\"caption-attachment-721\" style=\"width: 332px\" class=\"wp-caption aligncenter\"><img loading=\"lazy\" decoding=\"async\" class=\"wp-image-721 size-full\" src=\"http:\/\/www.ketreko.de\/wp-content\/uploads\/2018\/06\/8-boote.jpg\" alt=\"\" width=\"332\" height=\"500\" srcset=\"http:\/\/www.ketreko.de\/wp-content\/uploads\/2018\/06\/8-boote.jpg 332w, http:\/\/www.ketreko.de\/wp-content\/uploads\/2018\/06\/8-boote-199x300.jpg 199w\" sizes=\"(max-width: 332px) 100vw, 332px\" \/><figcaption id=\"caption-attachment-721\" class=\"wp-caption-text\">Kajaks &#8211; hier gibt es viel Wasser<\/figcaption><\/figure>\n<p>Die Klimazonenvielfalt entsteht durch den Einfluss der beiden Ozeane, die sich so nahe kommen, da die Landmasse so schmal ist, Gebirgsketten die 4000 m hoch sind, ein zentrales Tal, das immerhin auch auf etwa 1500 m liegt, die N\u00e4he zum \u00c4quator, aktiven Vulkanen und und und&#8230;<\/p>\n<figure id=\"attachment_720\" aria-describedby=\"caption-attachment-720\" style=\"width: 500px\" class=\"wp-caption aligncenter\"><img loading=\"lazy\" decoding=\"async\" class=\"wp-image-720 size-full\" src=\"http:\/\/www.ketreko.de\/wp-content\/uploads\/2018\/06\/7-frosch.jpg\" alt=\"\" width=\"500\" height=\"332\" srcset=\"http:\/\/www.ketreko.de\/wp-content\/uploads\/2018\/06\/7-frosch.jpg 500w, http:\/\/www.ketreko.de\/wp-content\/uploads\/2018\/06\/7-frosch-300x199.jpg 300w\" sizes=\"(max-width: 500px) 100vw, 500px\" \/><figcaption id=\"caption-attachment-720\" class=\"wp-caption-text\">Rotaugen-Laubfrosch<\/figcaption><\/figure>\n<p>Klassischerweise macht man eine Rundreise mit einem Reiseveranstalter. Wir sind etwas selbstgestrickter unterwegs gewesen, da meine Cousine dort lebt und gemeinsam mit ihrem Mann ein <a href=\"http:\/\/mohagine.com\/?lang=de\">Dschungel-Hotel<\/a> betreibt. Sie war auch f\u00fcr unser Programm zust\u00e4ndig.<\/p>\n<figure id=\"attachment_722\" aria-describedby=\"caption-attachment-722\" style=\"width: 500px\" class=\"wp-caption aligncenter\"><img loading=\"lazy\" decoding=\"async\" class=\"wp-image-722 size-full\" src=\"http:\/\/www.ketreko.de\/wp-content\/uploads\/2018\/06\/9-muschel.jpg\" alt=\"\" width=\"500\" height=\"332\" srcset=\"http:\/\/www.ketreko.de\/wp-content\/uploads\/2018\/06\/9-muschel.jpg 500w, http:\/\/www.ketreko.de\/wp-content\/uploads\/2018\/06\/9-muschel-300x199.jpg 300w\" sizes=\"(max-width: 500px) 100vw, 500px\" \/><figcaption id=\"caption-attachment-722\" class=\"wp-caption-text\">Mitnehmen verboten, aus Naturschutzgr\u00fcnden<\/figcaption><\/figure>\n<p>Zus\u00e4tzlich hatten wir am Anfang und am Ende ein paar Tage im Zentraltal in der N\u00e4he der Hauptstadt San Jose. Den Rest der Reise haben wir auf der <a href=\"https:\/\/www.brigitte.de\/leben\/reise\/reiseberichte-und-infos\/osa--die-wilde-halbinsel-von-costa-rica--10895534.html\">Halbinsel Osa<\/a>\u00a0(hier ein sch\u00f6ner Bericht aus der BRIGITTE) verbracht.<\/p>\n<figure id=\"attachment_718\" aria-describedby=\"caption-attachment-718\" style=\"width: 332px\" class=\"wp-caption aligncenter\"><img loading=\"lazy\" decoding=\"async\" class=\"wp-image-718 size-full\" src=\"http:\/\/www.ketreko.de\/wp-content\/uploads\/2018\/06\/5-pool1.jpg\" alt=\"\" width=\"332\" height=\"500\" srcset=\"http:\/\/www.ketreko.de\/wp-content\/uploads\/2018\/06\/5-pool1.jpg 332w, http:\/\/www.ketreko.de\/wp-content\/uploads\/2018\/06\/5-pool1-199x300.jpg 199w\" sizes=\"(max-width: 332px) 100vw, 332px\" \/><figcaption id=\"caption-attachment-718\" class=\"wp-caption-text\">FeWo mit Pool<\/figcaption><\/figure>\n<p>Perfekte Bilder von Str\u00e4nden, Sonnenunterg\u00e4ngen und Wellen gibt es massenweise. Auch ich habe sie gemacht. F\u00fcr hier habe ich eher die kleinen Momente ausgew\u00e4hlt.<\/p>\n<figure id=\"attachment_724\" aria-describedby=\"caption-attachment-724\" style=\"width: 332px\" class=\"wp-caption aligncenter\"><img loading=\"lazy\" decoding=\"async\" class=\"wp-image-724 size-full\" src=\"http:\/\/www.ketreko.de\/wp-content\/uploads\/2018\/06\/12-hibiskus.jpg\" alt=\"\" width=\"332\" height=\"500\" srcset=\"http:\/\/www.ketreko.de\/wp-content\/uploads\/2018\/06\/12-hibiskus.jpg 332w, http:\/\/www.ketreko.de\/wp-content\/uploads\/2018\/06\/12-hibiskus-199x300.jpg 199w\" sizes=\"(max-width: 332px) 100vw, 332px\" \/><figcaption id=\"caption-attachment-724\" class=\"wp-caption-text\">Hibiskus<\/figcaption><\/figure>\n<p>Es gibt sie hier, die Traumstr\u00e4nde: sandige Buchten, eingerahmt von dunkelbraunen Felsen mit einer Kulisse aus Palmen im Vordergrund und Regenwald im Hintergrund, die Brandung rollt sanft \u00fcber den Strand, ab und an brechen sich glitzernd die Wellen und an den Felsen spr\u00fcht mit jeder Welle Gischt in die H\u00f6he.<\/p>\n<figure id=\"attachment_715\" aria-describedby=\"caption-attachment-715\" style=\"width: 500px\" class=\"wp-caption aligncenter\"><img loading=\"lazy\" decoding=\"async\" class=\"wp-image-715 size-full\" src=\"http:\/\/www.ketreko.de\/wp-content\/uploads\/2018\/06\/2-traffic.jpg\" alt=\"\" width=\"500\" height=\"332\" srcset=\"http:\/\/www.ketreko.de\/wp-content\/uploads\/2018\/06\/2-traffic.jpg 500w, http:\/\/www.ketreko.de\/wp-content\/uploads\/2018\/06\/2-traffic-300x199.jpg 300w\" sizes=\"(max-width: 500px) 100vw, 500px\" \/><figcaption id=\"caption-attachment-715\" class=\"wp-caption-text\">Traffic in San Jose<\/figcaption><\/figure>\n<p>Extrem entspannend. Der Sand ist kaffeebraun. Der Kontrast zwischen dem t\u00fcrkisblauen Meer, dem satten Dunkelgr\u00fcn des Regenwaldes und diesem warmen Braungrau des Sandes, wird mich als Farbkonzept wahrscheinlich noch eine Zeitlang besch\u00e4ftigen&#8230;.<\/p>\n<figure id=\"attachment_719\" aria-describedby=\"caption-attachment-719\" style=\"width: 332px\" class=\"wp-caption aligncenter\"><img loading=\"lazy\" decoding=\"async\" class=\"wp-image-719 size-full\" src=\"http:\/\/www.ketreko.de\/wp-content\/uploads\/2018\/06\/6-nebelwald.jpg\" alt=\"\" width=\"332\" height=\"500\" srcset=\"http:\/\/www.ketreko.de\/wp-content\/uploads\/2018\/06\/6-nebelwald.jpg 332w, http:\/\/www.ketreko.de\/wp-content\/uploads\/2018\/06\/6-nebelwald-199x300.jpg 199w\" sizes=\"(max-width: 332px) 100vw, 332px\" \/><figcaption id=\"caption-attachment-719\" class=\"wp-caption-text\">Nebelwald<\/figcaption><\/figure>\n<p>Die Haupteinnahmequelle des Tourismus sind aber nicht diese Str\u00e4nde, sondern die Angebotenen Aktivit\u00e4ten im Regenwald. Der S\u00fcden besteht praktisch nur aus Regenwald. Es gibt einen der weltweit gr\u00f6\u00dften Nationalparks, den <a href=\"http:\/\/www.sinac.go.cr\/EN-US\/ac\/acosa\/pnc\/Pages\/default.aspx\">Corcovado-Park<\/a>.<\/p>\n<figure id=\"attachment_723\" aria-describedby=\"caption-attachment-723\" style=\"width: 500px\" class=\"wp-caption aligncenter\"><img loading=\"lazy\" decoding=\"async\" class=\"wp-image-723 size-full\" src=\"http:\/\/www.ketreko.de\/wp-content\/uploads\/2018\/06\/11-rote-bl\u00fcte.jpg\" alt=\"\" width=\"500\" height=\"332\" srcset=\"http:\/\/www.ketreko.de\/wp-content\/uploads\/2018\/06\/11-rote-bl\u00fcte.jpg 500w, http:\/\/www.ketreko.de\/wp-content\/uploads\/2018\/06\/11-rote-bl\u00fcte-300x199.jpg 300w\" sizes=\"(max-width: 500px) 100vw, 500px\" \/><figcaption id=\"caption-attachment-723\" class=\"wp-caption-text\">Makromotive sind \u00fcberall<\/figcaption><\/figure>\n<p>Hier geht es nicht um Beach-Life, sondern um gef\u00fchrte \u00d6ko-Touren. \u00dcberall werden Wanderungen in den Regenwald angeboten. Andere sanfte M\u00f6glichkeiten sind Reiten durch Fl\u00fcsse zu Wasserf\u00e4llen, incl. Baden im Flu\u00df, Zipp-Lining durch die Baumkronen<\/p>\n<figure id=\"attachment_726\" aria-describedby=\"caption-attachment-726\" style=\"width: 343px\" class=\"wp-caption aligncenter\"><img loading=\"lazy\" decoding=\"async\" class=\"wp-image-726 size-full\" src=\"http:\/\/www.ketreko.de\/wp-content\/uploads\/2018\/06\/14-caffee.jpg\" alt=\"\" width=\"343\" height=\"500\" srcset=\"http:\/\/www.ketreko.de\/wp-content\/uploads\/2018\/06\/14-caffee.jpg 343w, http:\/\/www.ketreko.de\/wp-content\/uploads\/2018\/06\/14-caffee-206x300.jpg 206w\" sizes=\"(max-width: 343px) 100vw, 343px\" \/><figcaption id=\"caption-attachment-726\" class=\"wp-caption-text\">Costa Ricas Hochlandlagen sind perfekt f\u00fcr den Kaffeeanbau<\/figcaption><\/figure>\n<p>und nat\u00fcrlich auch Schnorcheln oder Tauchen im Bereich der <a href=\"https:\/\/de.wikipedia.org\/wiki\/Isla_del_Ca%C3%B1o\">Insel Cano<\/a>, die auch ein Naturschutzgebiet ist und die Besuche dort sehr stark kontrolliert werden (Es d\u00fcrfen pro Tag nur eine begrenzte Menge an Besuchern auf die Insel und auch nur f\u00fcr einen begrenzten Zeitraum).<\/p>\n<p>Vor drei Jahren war ich alleine in Costa Rica. Mit der ganzen Familie, insgesamt waren wir 5, ist das nochmal etwas ganz anderes.\u00a0Alles in allem ist es kein Traumurlaub aus einem Hochglanz-Prospekt gewesen. Es war eine Reise. Das bedeutet auch Verzicht: auf Komfort, auf Aircondition, auf \u00fcberbordende Buffets. Daf\u00fcr bekommt man Strapazen, Schwei\u00df und erlebt Grenzen. 2 Stunden Boot fahren um neben Delfinen im offenen Meer zu schwimmen, ist kein Planschen &#8211;\u00a02 Stunden durch den Dschungel laufen um ein Tapir zu entdecken, wie es sich mit seinem Jungen im Schlamm r\u00e4kelt, ist kein Spaziergang &#8211;\u00a02 Stunden durch eine zentralamerikanische Gro\u00dfstadt mit dem Auto zu fahren ist keine Spritztour (macht aber einen Riesenspa\u00df!!!)<\/p>\n<p>Das was verblasst sind die schmerzenden Knochen nach stundenlangen Wanderungen, die gef\u00fchlt 397 M\u00fcckenstiche, die v\u00f6llig verzichtbaren Erfahrungen eines katastrophalen Langstreckenflug.<\/p>\n<p>Es bleiben wunderbare Erinnerungen: die W\u00e4rme durch und durch, Regeng\u00fcsse am Nachmittag, die letzten Sonnenstralen auf dem Strand, Bergspitzen, die aus den Wolken ragen, die Tarantel im n\u00e4chtlichen Regenwald, die uns der Guide bei der Nachtwanderung gezeigt hat, die stillen, wie verzauberten Nebelw\u00e4lder,\u00a0naschende Kolibris, die Stimmen des n\u00e4chtlichen Dschungels, die Riffe mit bunten Fischen&#8230;<\/p>\n<p><img loading=\"lazy\" decoding=\"async\" class=\"aligncenter wp-image-725 size-full\" src=\"http:\/\/www.ketreko.de\/wp-content\/uploads\/2018\/06\/13-f\u00fcsse.jpg\" alt=\"\" width=\"500\" height=\"332\" srcset=\"http:\/\/www.ketreko.de\/wp-content\/uploads\/2018\/06\/13-f\u00fcsse.jpg 500w, http:\/\/www.ketreko.de\/wp-content\/uploads\/2018\/06\/13-f\u00fcsse-300x199.jpg 300w\" sizes=\"(max-width: 500px) 100vw, 500px\" \/><\/p>\n<p style=\"text-align: center;\">Herzlichst, Kerstin<\/p>\n","protected":false},"excerpt":{"rendered":"<p>Etwas versp\u00e4tet kommt heute mein 12tel blick f\u00fcr den Mai. Alles ist sommerlich Gr\u00fcn geworden in den letzten 4 Wochen! Verlinkt bei Verfuchstundzugen\u00e4ht. Am 30.5. war ich noch weit, weit weg: rund 10.000 km in Zentralamerika, in Costa Rica. Das ist bereits meine zweite Reise dorthin gewesen, aber die erste mit Familie. Costa Rica ist [&hellip;]<\/p>\n","protected":false},"author":1,"featured_media":727,"comment_status":"open","ping_status":"open","sticky":false,"template":"","format":"standard","meta":{"footnotes":""},"categories":[24,40],"tags":[22,44],"_links":{"self":[{"href":"http:\/\/www.ketreko.de\/index.php\/wp-json\/wp\/v2\/posts\/714"}],"collection":[{"href":"http:\/\/www.ketreko.de\/index.php\/wp-json\/wp\/v2\/posts"}],"about":[{"href":"http:\/\/www.ketreko.de\/index.php\/wp-json\/wp\/v2\/types\/post"}],"author":[{"embeddable":true,"href":"http:\/\/www.ketreko.de\/index.php\/wp-json\/wp\/v2\/users\/1"}],"replies":[{"embeddable":true,"href":"http:\/\/www.ketreko.de\/index.php\/wp-json\/wp\/v2\/comments?post=714"}],"version-history":[{"count":9,"href":"http:\/\/www.ketreko.de\/index.php\/wp-json\/wp\/v2\/posts\/714\/revisions"}],"predecessor-version":[{"id":861,"href":"http:\/\/www.ketreko.de\/index.php\/wp-json\/wp\/v2\/posts\/714\/revisions\/861"}],"wp:featuredmedia":[{"embeddable":true,"href":"http:\/\/www.ketreko.de\/index.php\/wp-json\/wp\/v2\/media\/727"}],"wp:attachment":[{"href":"http:\/\/www.ketreko.de\/index.php\/wp-json\/wp\/v2\/media?parent=714"}],"wp:term":[{"taxonomy":"category","embeddable":true,"href":"http:\/\/www.ketreko.de\/index.php\/wp-json\/wp\/v2\/categories?post=714"},{"taxonomy":"post_tag","embeddable":true,"href":"http:\/\/www.ketreko.de\/index.php\/wp-json\/wp\/v2\/tags?post=714"}],"curies":[{"name":"wp","href":"https:\/\/api.w.org\/{rel}","templated":true}]}}