{"id":735,"date":"2018-06-10T12:45:19","date_gmt":"2018-06-10T11:45:19","guid":{"rendered":"http:\/\/www.ketreko.de\/?p=735"},"modified":"2018-06-10T15:57:36","modified_gmt":"2018-06-10T14:57:36","slug":"fruehlingspost-2018-war-so-schoen","status":"publish","type":"post","link":"http:\/\/www.ketreko.de\/index.php\/2018\/06\/10\/fruehlingspost-2018-war-so-schoen\/","title":{"rendered":"Fr\u00fchlingspost 2018 &#8211; war so sch\u00f6n!!!"},"content":{"rendered":"<p>Ich war froh, das der letzte Umschlag mit Fr\u00fchlings-Post, noch vor meiner Reise im Briefkasten lag. Dennoch konnte ich mich dann nicht mehr per Blog-Post oder Instagram nochmal bei Euch allen bedanken. Eine Nachbarin war ganz neugierig: &#8222;Da kam wieder so ein Umschlag&#8230; passte gar nicht gut in den Briefkasten&#8230;&#8220; wartwartwart&#8230; Ich hab ja nix zu verbergen, also hab ich ihr erz\u00e4hlt, um was es geht. &#8222;Und was bekommen Sie dann daf\u00fcr?&#8220; &#8222;Na Post&#8220; &#8222;Aber viel Arbeit ist das schon, oder&#8220; &#8222;ja&#8220; &#8222;Die Zeit muss man ja auch haben&#8220; &#8222;ja, oder sie sich nehmen&#8220; sie l\u00e4chelt und ich merke, das sie mich f\u00fcr bekloppt h\u00e4lt, ich seufze innerlich und verabschiede mich&#8230;<\/p>\n<p>Zum Gl\u00fcck gibt\u00b4s ja Euch, und ihr versteht, warum ich mitmache!<\/p>\n<p>Ich habe eine freie Wand als Pinnwand verwendet, die sich im Laufe der Wochen gef\u00fcllt hat<\/p>\n<p><img loading=\"lazy\" decoding=\"async\" class=\"aligncenter wp-image-736\" src=\"http:\/\/www.ketreko.de\/wp-content\/uploads\/2018\/06\/IMG_20180610_102526-300x225.jpg\" alt=\"\" width=\"500\" height=\"375\" srcset=\"http:\/\/www.ketreko.de\/wp-content\/uploads\/2018\/06\/IMG_20180610_102526-300x225.jpg 300w, http:\/\/www.ketreko.de\/wp-content\/uploads\/2018\/06\/IMG_20180610_102526-768x576.jpg 768w, http:\/\/www.ketreko.de\/wp-content\/uploads\/2018\/06\/IMG_20180610_102526-1024x768.jpg 1024w\" sizes=\"(max-width: 500px) 100vw, 500px\" \/><\/p>\n<p>Danke also an alle der Gruppe 2, Saskia, Iris, Ulla, Elke, Ulrike, Beatrix, Andie, Maren und Andrea, f\u00fcr eure wunderbaren Walzendrucke. Eine Gro\u00dfartige Sammlung ist entstanden. Alleine die Umschl\u00e4ge waren schon immer ein Fest (ohne die Umschl\u00e4ge w\u00e4re die Sache der Nachbarin auch gar nicht aufgefallen, hehe). Vielen Dank f\u00fcr die ganzen Zugaben: Karten, Hefte, Aufkleber, Gefaltetes, die Zusatzb\u00f6gen und die Briefe.<\/p>\n<p><img loading=\"lazy\" decoding=\"async\" class=\"aligncenter wp-image-738\" src=\"http:\/\/www.ketreko.de\/wp-content\/uploads\/2018\/06\/IMG_20180610_102906-300x225.jpg\" alt=\"\" width=\"500\" height=\"375\" srcset=\"http:\/\/www.ketreko.de\/wp-content\/uploads\/2018\/06\/IMG_20180610_102906-300x225.jpg 300w, http:\/\/www.ketreko.de\/wp-content\/uploads\/2018\/06\/IMG_20180610_102906-768x576.jpg 768w, http:\/\/www.ketreko.de\/wp-content\/uploads\/2018\/06\/IMG_20180610_102906-1024x768.jpg 1024w\" sizes=\"(max-width: 500px) 100vw, 500px\" \/><\/p>\n<p>Es war klasse, per Instagram auch zu sehen, was in den anderen Gruppen passiert. So viele Inspirationen! Eigentlich wollte ich mich bei Allen per Instagram bedanken. Habe ich nicht durchgehalten&#8230; Hat einfach die Zeit gefehlt. Aber sie heben mir alle riesige Freude bereitet!<\/p>\n<p>Danke auch nochmal an Michaela und Tabea f\u00fcr Eure Idee, Eure Energie, Eure Kontinuit\u00e4t!<\/p>\n<p><img loading=\"lazy\" decoding=\"async\" class=\"aligncenter wp-image-739\" src=\"http:\/\/www.ketreko.de\/wp-content\/uploads\/2018\/06\/IMG_20180610_103804-300x225.jpg\" alt=\"\" width=\"500\" height=\"375\" srcset=\"http:\/\/www.ketreko.de\/wp-content\/uploads\/2018\/06\/IMG_20180610_103804-300x225.jpg 300w, http:\/\/www.ketreko.de\/wp-content\/uploads\/2018\/06\/IMG_20180610_103804-768x576.jpg 768w, http:\/\/www.ketreko.de\/wp-content\/uploads\/2018\/06\/IMG_20180610_103804-1024x768.jpg 1024w\" sizes=\"(max-width: 500px) 100vw, 500px\" \/><\/p>\n<p>Gestern habe ich begonnen noch ein paar Kleinm\u00f6bel aus Holz mit dem sanften Morgentau zu streichen: Holzstehsammler und eine alte MOPPE-Schubladenbox vom Schweden. Da hatte ich spontan die Idee, Die Walzendrucke als Bezugspapiere f\u00fcr die Fronten zu nehmen. Ich habe auch noch ein altes Nachtschr\u00e4nkchen, so eins von der Uroma. Ein Bezugspuzzle mit einigen Papieren k\u00f6nnt ich mir auch gut vorstellen&#8230; Und ich habe noch viiiiel &#8222;sanfter Morgentau&#8220; Farbe \u00fcbrig.<\/p>\n<p>im <a href=\"https:\/\/post-kunst-werk.blogspot.com\/2018\/05\/fruhlingspost-finissage-und-groe.html?showComment=1528642337766#c1846391561618353501\">Post KunstWerke<\/a> Blog zeigt Tabea, wie sie Ordner-R\u00fccken mit den Drucken beklebt hat.<\/p>\n<p>Bis zur Weiterverarbeitung habe ich alles in eine sch\u00f6ne Mappe gesteckt, damit den Papieren nichts passiert.<\/p>\n<p><img loading=\"lazy\" decoding=\"async\" class=\"aligncenter wp-image-740\" src=\"http:\/\/www.ketreko.de\/wp-content\/uploads\/2018\/06\/IMG_20180610_104110-300x225.jpg\" alt=\"\" width=\"500\" height=\"375\" srcset=\"http:\/\/www.ketreko.de\/wp-content\/uploads\/2018\/06\/IMG_20180610_104110-300x225.jpg 300w, http:\/\/www.ketreko.de\/wp-content\/uploads\/2018\/06\/IMG_20180610_104110.jpg 500w\" sizes=\"(max-width: 500px) 100vw, 500px\" \/><\/p>\n<p>&#8222;Kein Stein bleibt auf dem anderen&#8220; habe ich in meinem letzten Post geschrieben.<\/p>\n<p>Tats\u00e4chlich steht uns ein Umzug bevor, in den n\u00e4chsten Monaten. Vielleicht kommt der Rest Farbe tats\u00e4chlich an eine Wand. Als Akzent, Mal sehen. Und ich freu mich schon auf die Sommerpost. Ich werde trotz allem Kisten packen, Dinge ausmisten und Gew\u00fchle in Bau-Schutt die Zeit dazu finden!<\/p>\n<p>herzlichst, Kerstin<\/p>\n<p>&nbsp;<\/p>\n","protected":false},"excerpt":{"rendered":"<p>Ich war froh, das der letzte Umschlag mit Fr\u00fchlings-Post, noch vor meiner Reise im Briefkasten lag. Dennoch konnte ich mich dann nicht mehr per Blog-Post oder Instagram nochmal bei Euch allen bedanken. Eine Nachbarin war ganz neugierig: &#8222;Da kam wieder so ein Umschlag&#8230; passte gar nicht gut in den Briefkasten&#8230;&#8220; wartwartwart&#8230; Ich hab ja nix [&hellip;]<\/p>\n","protected":false},"author":1,"featured_media":742,"comment_status":"open","ping_status":"open","sticky":false,"template":"","format":"standard","meta":{"footnotes":""},"categories":[9,45],"tags":[43,13,50],"_links":{"self":[{"href":"http:\/\/www.ketreko.de\/index.php\/wp-json\/wp\/v2\/posts\/735"}],"collection":[{"href":"http:\/\/www.ketreko.de\/index.php\/wp-json\/wp\/v2\/posts"}],"about":[{"href":"http:\/\/www.ketreko.de\/index.php\/wp-json\/wp\/v2\/types\/post"}],"author":[{"embeddable":true,"href":"http:\/\/www.ketreko.de\/index.php\/wp-json\/wp\/v2\/users\/1"}],"replies":[{"embeddable":true,"href":"http:\/\/www.ketreko.de\/index.php\/wp-json\/wp\/v2\/comments?post=735"}],"version-history":[{"count":4,"href":"http:\/\/www.ketreko.de\/index.php\/wp-json\/wp\/v2\/posts\/735\/revisions"}],"predecessor-version":[{"id":745,"href":"http:\/\/www.ketreko.de\/index.php\/wp-json\/wp\/v2\/posts\/735\/revisions\/745"}],"wp:featuredmedia":[{"embeddable":true,"href":"http:\/\/www.ketreko.de\/index.php\/wp-json\/wp\/v2\/media\/742"}],"wp:attachment":[{"href":"http:\/\/www.ketreko.de\/index.php\/wp-json\/wp\/v2\/media?parent=735"}],"wp:term":[{"taxonomy":"category","embeddable":true,"href":"http:\/\/www.ketreko.de\/index.php\/wp-json\/wp\/v2\/categories?post=735"},{"taxonomy":"post_tag","embeddable":true,"href":"http:\/\/www.ketreko.de\/index.php\/wp-json\/wp\/v2\/tags?post=735"}],"curies":[{"name":"wp","href":"https:\/\/api.w.org\/{rel}","templated":true}]}}