{"id":746,"date":"2018-06-18T16:39:36","date_gmt":"2018-06-18T15:39:36","guid":{"rendered":"http:\/\/www.ketreko.de\/?p=746"},"modified":"2018-06-29T07:39:14","modified_gmt":"2018-06-29T06:39:14","slug":"moebel-upcycling-mit-handbedruckten-papieren","status":"publish","type":"post","link":"http:\/\/www.ketreko.de\/index.php\/2018\/06\/18\/moebel-upcycling-mit-handbedruckten-papieren\/","title":{"rendered":"M\u00f6bel Upcycling mit handbedruckten Papieren"},"content":{"rendered":"<p>Die handbedruckten Papiere sind die bei der Fr\u00fchlings Post 2018 entstandenen Walzendrucke. Hier mehr zu den <a href=\"https:\/\/post-kunst-werk.blogspot.com\/2018\/05\/fruhlingspost-finissage-und-groe.html\">Post Kunst Werken<\/a>.<\/p>\n<p>Nochmal ein gro\u00dfes DANKE an alle, die mir einen ihrer Walzendrucke geschickt haben, die ich jetzt benutzen darf! Ich finde, die Drucke sind sehr wertvolles Arbeitsmaterial. Dieses Projekt ist nun fertig und meine Fr\u00fchlingspost-Mappe ist immer noch prall gef\u00fcllt. Wunderbar.<\/p>\n<p>Ein wurmstichiges Nachtschr\u00e4nkchen aus Urgro\u00dfmutters Zeiten landete vor etwa 10 Jahren bei mir. Ich mag solche Kleinm\u00f6bel. Es findet sich immer ein Pl\u00e4tzchen f\u00fcr sie und sie bieten so zus\u00e4tzlichen Stauraum. Au\u00dferdem lassen sie sich auf einfache Weise auch ausgefallen gestalten. Damit k\u00f6nnen sie zu Eyecatcher werden.<\/p>\n<p><img loading=\"lazy\" decoding=\"async\" class=\"wp-image-760 size-full aligncenter\" src=\"http:\/\/www.ketreko.de\/wp-content\/uploads\/2018\/06\/DSC_6634.jpg\" alt=\"\" width=\"332\" height=\"500\" srcset=\"http:\/\/www.ketreko.de\/wp-content\/uploads\/2018\/06\/DSC_6634.jpg 332w, http:\/\/www.ketreko.de\/wp-content\/uploads\/2018\/06\/DSC_6634-199x300.jpg 199w\" sizes=\"(max-width: 332px) 100vw, 332px\" \/><\/p>\n<p>Die Menge an &#8222;sanfter Morgentau&#8220;, die mir von der Fr\u00fchlingspost geblieben ist, hat mich auf die Idee gebracht, das Nachtschr\u00e4nkchen damit zu streichen und einzelne Fl\u00e4chen mit den Walzendruck-Papieren von der Fr\u00fchlingspost zu beziehen.<\/p>\n<p>Das erste Makeover war die Zuckergussversion f\u00fcr meine damals kleine Tochter. Sie liebte Rosa\u00a0<img loading=\"lazy\" decoding=\"async\" class=\"alignright wp-image-749 size-medium\" src=\"http:\/\/www.ketreko.de\/wp-content\/uploads\/2018\/06\/DSC_0773-199x300.jpg\" alt=\"\" width=\"199\" height=\"300\" srcset=\"http:\/\/www.ketreko.de\/wp-content\/uploads\/2018\/06\/DSC_0773-199x300.jpg 199w, http:\/\/www.ketreko.de\/wp-content\/uploads\/2018\/06\/DSC_0773.jpg 332w\" sizes=\"(max-width: 199px) 100vw, 199px\" \/>und Prinzessin Lillifee. Ein\u00a0paar Kinderm\u00f6bel, alte und neuere, bekamen einen Anstrich in Maigr\u00fcn und Rosa. Kinderm\u00f6bel haben eine relativ kurze Nutzungsdauer. Irgendwann ging dann Rosa gar nicht mehr. Die nostalgischen Kinderm\u00f6bel habe ich aufgehoben: Das Nachtschr\u00e4nkchen, einen Kindertisch und eine dazu geh\u00f6rende Truhenbank. Die letzten beiden sind noch im Dornr\u00f6schen-Schlaf (ehrlich gesagt verfluche ich heute die gr\u00fcne Farbe&#8230;. sie muss halt wieder runter und Lack entfernen ist einfach sch&#8230;viel Arbeit).<\/p>\n<p>&nbsp;<\/p>\n<p style=\"text-align: center;\">Auch hier musste als erstes der Lacke runter. Zumindest weitgehend.<\/p>\n<p style=\"text-align: center;\"><img loading=\"lazy\" decoding=\"async\" class=\"size-medium wp-image-752 aligncenter\" src=\"http:\/\/www.ketreko.de\/wp-content\/uploads\/2018\/06\/IMG_20180611_091244-300x225.jpg\" alt=\"\" width=\"300\" height=\"225\" srcset=\"http:\/\/www.ketreko.de\/wp-content\/uploads\/2018\/06\/IMG_20180611_091244-300x225.jpg 300w, http:\/\/www.ketreko.de\/wp-content\/uploads\/2018\/06\/IMG_20180611_091244.jpg 500w\" sizes=\"(max-width: 300px) 100vw, 300px\" \/><\/p>\n<p style=\"text-align: center;\">Ich habe mit dem Hei\u00dfluftf\u00f6n vorgearbeitet und dann mit der Schleifmaschine alles gegl\u00e4ttet. Manchmal l\u00e4sst sich alter Lack so vollst\u00e4ndig abl\u00f6sen, ohne viel M\u00fche. Aber hier war es nicht so.<\/p>\n<p><img loading=\"lazy\" decoding=\"async\" class=\"size-medium wp-image-751 aligncenter\" src=\"http:\/\/www.ketreko.de\/wp-content\/uploads\/2018\/06\/IMG_20180611_091028-225x300.jpg\" alt=\"\" width=\"225\" height=\"300\" srcset=\"http:\/\/www.ketreko.de\/wp-content\/uploads\/2018\/06\/IMG_20180611_091028-225x300.jpg 225w, http:\/\/www.ketreko.de\/wp-content\/uploads\/2018\/06\/IMG_20180611_091028.jpg 375w\" sizes=\"(max-width: 225px) 100vw, 225px\" \/><\/p>\n<p>Da die Fl\u00e4chen ohnehin wieder gestrichen werden sollten, habe ich mir nicht viel Arbeit gemacht. Auch auf Vorstreichfarbe habe ich verzichtet. Die Farbe deckt sehr gut und zwei Schichten haben ausgereicht.<\/p>\n<p><img loading=\"lazy\" decoding=\"async\" class=\"size-medium wp-image-755 aligncenter\" src=\"http:\/\/www.ketreko.de\/wp-content\/uploads\/2018\/06\/IMG_20180613_170625-300x225.jpg\" alt=\"\" width=\"300\" height=\"225\" srcset=\"http:\/\/www.ketreko.de\/wp-content\/uploads\/2018\/06\/IMG_20180613_170625-300x225.jpg 300w, http:\/\/www.ketreko.de\/wp-content\/uploads\/2018\/06\/IMG_20180613_170625.jpg 500w\" sizes=\"(max-width: 300px) 100vw, 300px\" \/><\/p>\n<p style=\"text-align: center;\">und ruckzuck ist ein v\u00f6llig anderer Stil entstanden<\/p>\n<p><img loading=\"lazy\" decoding=\"async\" class=\"aligncenter wp-image-756 size-full\" src=\"http:\/\/www.ketreko.de\/wp-content\/uploads\/2018\/06\/IMG_20180615_090141.jpg\" alt=\"\" width=\"375\" height=\"500\" srcset=\"http:\/\/www.ketreko.de\/wp-content\/uploads\/2018\/06\/IMG_20180615_090141.jpg 375w, http:\/\/www.ketreko.de\/wp-content\/uploads\/2018\/06\/IMG_20180615_090141-225x300.jpg 225w\" sizes=\"(max-width: 375px) 100vw, 375px\" \/><\/p>\n<p style=\"text-align: center;\">VERARBEITUNGSTIPPS<\/p>\n<p>Ich habe schon einmal ein M\u00f6belst\u00fcck mit Tapete bezogen. Die Fl\u00e4chen waren mit Vorstreichfarbe behandelt und ich dachte, diese sei durchl\u00e4ssig genug. Ich habe nur wenig mit einem Schleifklotz angeschliffen. Die Tapete hat dann aber nicht gut gehalten und ich musste gro\u00dffl\u00e4chig nacharbeiten.<\/p>\n<p>Also: Zum Beziehen oder Tapezieren von Holzm\u00f6beln m\u00fcssen die Fl\u00e4chen offenporig sein, damit der Kleister\/Kleber gut binden kann! Gut Anschleifen ist also m\u00f6glicherweise notwendig. Wenn zus\u00e4tzlich lackiert werden soll, w\u00fcrde ich nur die Stellen lackieren, die tats\u00e4chlich zu sehen sind, also z.B. nur die Holzkanten und die Ecken, aber nicht die gesamte Fl\u00e4che. (Die Wandfarbe ist offenporig, daher habe ich auch die Fl\u00e4chen gestrichen, die beklebt werden.)<\/p>\n<p>Ich mische bei den kleinen Fl\u00e4chen gerne Papierleim mit dem Kleister. Bei den kleinen Fl\u00e4chen gibt es viele Kanten und Ecken, die einer h\u00f6heren Belastung ausgesetzt sind, als eine gro\u00dfe Fl\u00e4che, wie eine Schrankt\u00fcr. Das Mischverh\u00e4lnis ist in diesem Fall 1\/4 Leim und 3\/4 Kleister gewesen. Die Kanten und Ecken haben so einen wirklich guten Halt bekommen.<\/p>\n<p><img loading=\"lazy\" decoding=\"async\" class=\"aligncenter wp-image-761 size-full\" src=\"http:\/\/www.ketreko.de\/wp-content\/uploads\/2018\/06\/DSC_6637.jpg\" alt=\"\" width=\"500\" height=\"332\" srcset=\"http:\/\/www.ketreko.de\/wp-content\/uploads\/2018\/06\/DSC_6637.jpg 500w, http:\/\/www.ketreko.de\/wp-content\/uploads\/2018\/06\/DSC_6637-300x199.jpg 300w\" sizes=\"(max-width: 500px) 100vw, 500px\" \/><\/p>\n<p>Die einzelnen Papierst\u00fccke habe ich etwas kleiner zugeschnitten, damit es nicht zu Problemen an den Kanten kommt. Die M\u00f6glichkeit, die Papiere etwas gr\u00f6\u00dfer zu schneiden und nach dem Trocknen die Kanten mit Schleifpapier zu &#8222;brechen&#8220;, halte ich f\u00fcr die schlechtere Variante. Ich denke, das Papier muss von der Kante weg, damit es sich nicht an manchen Stellen wieder abl\u00f6st. Jede Kante ist h\u00f6herer Belastung ausgesetzt, da sie einfach \u00f6fter ber\u00fchrt wird, als die gro\u00dfen Fl\u00e4chen.<\/p>\n<p>Auf gr\u00f6\u00dferen Fl\u00e4chen ist es einfacher, den Kleister direkt auf die Fl\u00e4che, bei kleinen auf das Bezugs-Papier zu streichen.<\/p>\n<p>Wenn verschiedene Papierqualit\u00e4ten gemeinsam verarbeitet werden, muss bedacht werden, das unterschiedliche Qualit\u00e4ten, sich in feuchtem Zustand auch unterschiedlich verhalten. Manche rollen sich stark, manche saugen stark, manche &#8222;wachsen&#8220;. Man muss also bei jedem neuen Papier aufmerksam sein und mit allem rechnen.<\/p>\n<p>Je nach Beschaffenheit der fertig beklebten Fl\u00e4chen (Farbe die f\u00fcr die Papiere verwendet wurden und die Papierqualit\u00e4t) sollte nachbehandelt werden um alles etwas zu versiegeln. Dazu gibt es verschiedene M\u00f6glichkeiten: Wachs und Lack in unterschiedlichen Produkten. Was man lieber mag ist Geschmackssache. am besten probiert man an Fl\u00e4chen die nicht gut zu sehen sind aus und l\u00e4sst alles gut trocknen. Ich habe M\u00f6belwachs verwendet. Damit ist alles sch\u00f6n matt geblieben. Das Auftragen und nach ein paar Stunden vorsichtig Abreiben macht aber nochmal zus\u00e4tzlich Arbeit.<\/p>\n<p style=\"text-align: center;\"><strong>Vielleicht haben Andere, andere Erfahrungen gemacht,<\/strong><\/p>\n<p style=\"text-align: center;\"><strong>vielleicht helfen meine Tipps. Schreibt es in die Kommentare, es w\u00fcrde mich interessieren.<\/strong><\/p>\n<p>&nbsp;<\/p>\n<p>Neben der arbeitstechnischen Seite gibt es ja zum Gl\u00fcck auch noch die gestalterische!<\/p>\n<p>Die Auswahl der Papiere war sehr schwierig. Das gr\u00f6\u00dfte Problem war, dass ich etwas voreilig, bevor mir die Idee mit dem Nachtschr\u00e4nkchen kam, das alte MOPPE Schubladenteil vom Schweden beklebt hatte. Durch die ausgeschnittenen Papier-St\u00fccke f\u00fcr die sechs Schubladen, hat fast kein Bogen mehr in das Mittelteil der Nachttisch-T\u00fcre gepasst. Dadurch war dann die Auswahl\u00a0 eben eingeschr\u00e4nkt. Ich bin mit der Mischung, so wie sie jetzt ist, sehr zufrieden!<\/p>\n<p><img loading=\"lazy\" decoding=\"async\" class=\"wp-image-759 aligncenter\" src=\"http:\/\/www.ketreko.de\/wp-content\/uploads\/2018\/06\/DSC_6628.jpg\" alt=\"\" width=\"402\" height=\"605\" srcset=\"http:\/\/www.ketreko.de\/wp-content\/uploads\/2018\/06\/DSC_6628.jpg 332w, http:\/\/www.ketreko.de\/wp-content\/uploads\/2018\/06\/DSC_6628-199x300.jpg 199w\" sizes=\"(max-width: 402px) 100vw, 402px\" \/><\/p>\n<p>Das MOPPE-Teil war auch noch aus der Rosa-Zeit und stand in meinem Arbeitszimmer wie ein Fremdk\u00f6rper auf dem Regal. Ich brauche die vielen kleinen Schubladen, um Ordnung in meinem Arbeits-Material zu haben. Jetzt sind die Dinge darin nicht nur praktisch sondern auch noch sch\u00f6n untergebracht!<\/p>\n<p><img loading=\"lazy\" decoding=\"async\" class=\"aligncenter wp-image-762 size-full\" src=\"http:\/\/www.ketreko.de\/wp-content\/uploads\/2018\/06\/IMG_20180615_082103.jpg\" alt=\"\" width=\"500\" height=\"375\" srcset=\"http:\/\/www.ketreko.de\/wp-content\/uploads\/2018\/06\/IMG_20180615_082103.jpg 500w, http:\/\/www.ketreko.de\/wp-content\/uploads\/2018\/06\/IMG_20180615_082103-300x225.jpg 300w\" sizes=\"(max-width: 500px) 100vw, 500px\" \/><\/p>\n<p>Die Stehsammler, auch vom Schweden, habe ich schon ganz am Anfang der Fr\u00fchlingspost gestrichen. Ich hatte kleine Mengen von Farben gekauft, die \u00e4hnlich waren, bevor ich mich entschlossen habe die Originalfarbe zu besorgen. Ich wollte die Farben ausprobieren, wie sie sich verarbeiten lassen, bevor ich mich mit der Wandfarbe aufs Papier traute.<\/p>\n<p>Die Mischung der Stehsammler in diesen \u00e4hnlichen, gedeckten Blau-Gr\u00fcn T\u00f6nen finde ich sehr sch\u00f6n. Und die Papiere passen nat\u00fcrlich alle erstklassig dazu. (Die nostalgischen Etiketten-Halter waren schon vorher drauf und wegen der L\u00f6cher habe ich sie wieder angebracht.)<\/p>\n<p><img loading=\"lazy\" decoding=\"async\" class=\"wp-image-758 size-full aligncenter\" src=\"http:\/\/www.ketreko.de\/wp-content\/uploads\/2018\/06\/IMG_20180225_085500.jpg\" alt=\"\" width=\"370\" height=\"500\" srcset=\"http:\/\/www.ketreko.de\/wp-content\/uploads\/2018\/06\/IMG_20180225_085500.jpg 370w, http:\/\/www.ketreko.de\/wp-content\/uploads\/2018\/06\/IMG_20180225_085500-222x300.jpg 222w\" sizes=\"(max-width: 370px) 100vw, 370px\" \/><\/p>\n<p>Ich will die R\u00fcckseiten der Stehsammler auch noch mit den Papieren gestalten. So, das die Regale mit meinen Arbeitsmaterialien am Ende ein einheitliches optisches Thema haben. Da ich in den n\u00e4chsten Monaten mit Renovieren besch\u00e4ftigt bin, wird der Rest Farbe mit Sicherheit auch noch weiter dazu beitragen, dieses Thema zu gestalten. Und Blau-Gr\u00fcn ist doch eine gute Wahl f\u00fcr einen Arbeitsraum, oder?<\/p>\n<p>Ich hebe jeden Schnipsel der Papiere auf. F\u00fcr Collagen kann das kleinste Fitzelchen noch ein Pl\u00e4tzchen bekommen. Und manche der B\u00f6gen finde ich gro\u00dfartig als Bezugspapier f\u00fcr Alben oder Mappen. Und dann sind ja auch noch die Umschl\u00e4ge, auf denen auch wunderbare Drucke sind&#8230;<\/p>\n<p>Die Papiere stammen aus der Druckwerkstatt von<\/p>\n<p>Nachtschr\u00e4nkchen: <a href=\"http:\/\/www.regnitzflimmern.de\/\">Andie<\/a>, <a href=\"http:\/\/fearlesscreativity.de\/\">Andrea<\/a>, <a href=\"http:\/\/wuestenkinder.blogspot.com\/\">Maren<\/a><\/p>\n<p>MOPPE: Andie, Andrea,\u00a0<a href=\"https:\/\/kruschkramerin.blogspot.com\/2018\/05\/postkunstwerke-auf-den-letzten-drucker.html#comment-form\">Beatrix<\/a>,<a href=\"https:\/\/www.ulrikewamprecht.de\/\">Ulla<\/a>, <a href=\"https:\/\/federpinselschere.blogspot.com\/\">Elke<\/a> und Ulrike<\/p>\n<p>noch nicht verarbeitete Papiere habe ich von: Saskia, Iris, und mein eigenes<\/p>\n<p>&nbsp;<\/p>\n<p>herzlichst, Kerstin<\/p>\n<p>&nbsp;<\/p>\n<p>&nbsp;<\/p>\n<p>&nbsp;<\/p>\n<p>&nbsp;<\/p>\n<p>&nbsp;<\/p>\n","protected":false},"excerpt":{"rendered":"<p>Die handbedruckten Papiere sind die bei der Fr\u00fchlings Post 2018 entstandenen Walzendrucke. Hier mehr zu den Post Kunst Werken. Nochmal ein gro\u00dfes DANKE an alle, die mir einen ihrer Walzendrucke geschickt haben, die ich jetzt benutzen darf! Ich finde, die Drucke sind sehr wertvolles Arbeitsmaterial. Dieses Projekt ist nun fertig und meine Fr\u00fchlingspost-Mappe ist immer [&hellip;]<\/p>\n","protected":false},"author":1,"featured_media":748,"comment_status":"open","ping_status":"open","sticky":false,"template":"","format":"standard","meta":{"footnotes":""},"categories":[9,45,54],"tags":[43,58,13,12],"_links":{"self":[{"href":"http:\/\/www.ketreko.de\/index.php\/wp-json\/wp\/v2\/posts\/746"}],"collection":[{"href":"http:\/\/www.ketreko.de\/index.php\/wp-json\/wp\/v2\/posts"}],"about":[{"href":"http:\/\/www.ketreko.de\/index.php\/wp-json\/wp\/v2\/types\/post"}],"author":[{"embeddable":true,"href":"http:\/\/www.ketreko.de\/index.php\/wp-json\/wp\/v2\/users\/1"}],"replies":[{"embeddable":true,"href":"http:\/\/www.ketreko.de\/index.php\/wp-json\/wp\/v2\/comments?post=746"}],"version-history":[{"count":18,"href":"http:\/\/www.ketreko.de\/index.php\/wp-json\/wp\/v2\/posts\/746\/revisions"}],"predecessor-version":[{"id":797,"href":"http:\/\/www.ketreko.de\/index.php\/wp-json\/wp\/v2\/posts\/746\/revisions\/797"}],"wp:featuredmedia":[{"embeddable":true,"href":"http:\/\/www.ketreko.de\/index.php\/wp-json\/wp\/v2\/media\/748"}],"wp:attachment":[{"href":"http:\/\/www.ketreko.de\/index.php\/wp-json\/wp\/v2\/media?parent=746"}],"wp:term":[{"taxonomy":"category","embeddable":true,"href":"http:\/\/www.ketreko.de\/index.php\/wp-json\/wp\/v2\/categories?post=746"},{"taxonomy":"post_tag","embeddable":true,"href":"http:\/\/www.ketreko.de\/index.php\/wp-json\/wp\/v2\/tags?post=746"}],"curies":[{"name":"wp","href":"https:\/\/api.w.org\/{rel}","templated":true}]}}