{"id":836,"date":"2018-08-02T12:17:23","date_gmt":"2018-08-02T11:17:23","guid":{"rendered":"http:\/\/www.ketreko.de\/?p=836"},"modified":"2018-09-02T18:53:30","modified_gmt":"2018-09-02T17:53:30","slug":"12tel-blick-im-juli","status":"publish","type":"post","link":"http:\/\/www.ketreko.de\/index.php\/2018\/08\/02\/12tel-blick-im-juli\/","title":{"rendered":"12tel Blick im Juli 2018"},"content":{"rendered":"<p style=\"text-align: center;\">H I T Z E W E L L E<\/p>\n<p>Etwas versp\u00e4tet: der 30 Juli am See f\u00fcr den 12tel Blick. Wandert noch schnell in die Linkliste bei <a href=\"https:\/\/evafuchs.blogspot.com\/2018\/07\/juli12tel-blick2018.html\">verfuchstunzugen\u00e4ht<\/a>.<\/p>\n<p>Nicht die Abendsonne, sondern die am Vormittag. Die Hitze hat alles fest im Griff. Egal, ob man die Temperaturen nun mag oder nicht, sie sind extrem f\u00fcr unsere Landschaft, zu extrem. Ich halte mich aus den \u00fcblichen Wettergespr\u00e4chen immer raus, wenn es hei\u00dft: &#8222;Oh wie sch\u00f6n, wenn es mal richtig hei\u00df ist!&#8220;,\u00a0&#8222;ich liiiiiebe die Sonne, wie in Italien!&#8220;,\u00a0&#8222;ich hasse die Hitze, hoffentlich ist bald Herbst!&#8220;,\u00a0&#8222;alles \u00fcber 20 Grad ist mir viel zu hei\u00df&#8220;\u00a0usw usw usw. Ich versuche das wetter gelassen zu nehmen, egal, wie es ist.<\/p>\n<figure id=\"attachment_837\" aria-describedby=\"caption-attachment-837\" style=\"width: 500px\" class=\"wp-caption aligncenter\"><img loading=\"lazy\" decoding=\"async\" class=\"wp-image-837\" src=\"http:\/\/www.ketreko.de\/wp-content\/uploads\/2018\/08\/7juli-300x225.jpg\" alt=\"\" width=\"500\" height=\"375\" srcset=\"http:\/\/www.ketreko.de\/wp-content\/uploads\/2018\/08\/7juli-300x225.jpg 300w, http:\/\/www.ketreko.de\/wp-content\/uploads\/2018\/08\/7juli.jpg 500w\" sizes=\"(max-width: 500px) 100vw, 500px\" \/><figcaption id=\"caption-attachment-837\" class=\"wp-caption-text\">&#8230;der Asphalt kocht auf dem Weg zum See<\/figcaption><\/figure>\n<p>Wenn ich die ganze Zeit nur denke, wie schrecklich hei\u00df es ist, und wie gerne ich jetzt gerade anders h\u00e4tte, wird es wirklich unertr\u00e4glich. Wenn ich den ganzen Tag nur hoffe, dass es endlich Nacht wird und die Nacht dann auch bejammert wird, weil auch die, so wie sie ist, als &#8222;zu warm&#8220; beklagt wird, geht meine ganze Lebensfreude dahin.<\/p>\n<p style=\"text-align: center;\">Es ist eben hei\u00df!<\/p>\n<p style=\"text-align: center;\">Ich kann mich darauf einrichten<\/p>\n<p style=\"text-align: center;\">ich kann die positiven Seiten davon erforschen<\/p>\n<p style=\"text-align: center;\">ich kann erleben, was mir bei diesem Wetter besonders gut schmeckt und was nicht<\/p>\n<p style=\"text-align: center;\">ich finde heraus, welche Art Kleidung angenehm ist<\/p>\n<p style=\"text-align: center;\">meiner Haut geht es bei diesen Temperaturen einfach prima, all die Probleme, die mit der K\u00e4lte kommen, sind wie weg geblasen<\/p>\n<p style=\"text-align: center;\">Was soll man nur gegen das Schwitzen machen? Laufen lassen!<\/p>\n<p style=\"text-align: left;\">All die Achtsamkeits-Ratschl\u00e4ge die \u00fcberall gerne als Tipps und Weisheiten angeboten werden, hier k\u00f6nnen sie angewendet werden. Denn diese sind eben nicht f\u00fcr optimale Bedingungen entwickelt worden. Wer bei 22 Grad, leichtem Wind und leicht bew\u00f6lktem Himmel, und einem bereits vorhandenen Wohlbefinden, versucht sich im Augenblick verankert, wird damit keine gro\u00dfen Schwierigkeiten haben. Aber Ruhe zu finden trotz widriger Umst\u00e4nde, wie z.B. gro\u00dfe Hitze, die als unangenehm bewertet wird, ist schon schwierig. Leicht stellt sich dann ein gro\u00dfes Gedankenkreisen ein, dar\u00fcber, wie sch\u00f6n doch jetzt alles w\u00e4re, wenn dieses und jenes anders w\u00e4re. Ja, der Schwei\u00df flie\u00dft, mein Gesicht ist permanent feucht und die Brille rutscht auf der Nase, aber ich k\u00f6nnte mich ja auch mal mit den K\u00f6rperstellen besch\u00e4ftigen, die sich ganz gut anf\u00fchlen.<\/p>\n<p>Entwickelt wurde die Achtsamkeit nach Jon Kabat-Zin um Patienten mit chronischen Schmerzen ein positiveres Lebensgef\u00fchl zu geben. Da lassen sich doch meine paar Schwei\u00dftropfen ganz gut verkraften.<\/p>\n<p>Interessant finde ich auch, dass nun in der Landwirtschaft Dinge diskutiert werden, an die ich mich noch aus den 80er Jahren erinnern kann: Sinnvolle Fruchtfolge auf den Feldern um den Boden gesund zu halten oder das grunds\u00e4tzliche Vermeiden von Monokulturen und kleinere Mengen aber daf\u00fcr vielf\u00e4ltigere Sorten zu produzieren. So k\u00f6nnten auch bei extremen Wetterlagen bessere Ertr\u00e4ge erzielt werden. Manche Landwirte bauen eine einzige Pflanze an! Wie gef\u00e4hrlich das sein kann zeigt sich jetzt sehr deutlich.<\/p>\n<p>Es ist keine Wetter\u00e4nderung in Sicht. Es geht hei\u00df weiter. Trinkt alle genug,<\/p>\n<p>herzlichst, Kerstin<\/p>\n","protected":false},"excerpt":{"rendered":"<p>H I T Z E W E L L E Etwas versp\u00e4tet: der 30 Juli am See f\u00fcr den 12tel Blick. Wandert noch schnell in die Linkliste bei verfuchstunzugen\u00e4ht. Nicht die Abendsonne, sondern die am Vormittag. Die Hitze hat alles fest im Griff. Egal, ob man die Temperaturen nun mag oder nicht, sie sind extrem [&hellip;]<\/p>\n","protected":false},"author":1,"featured_media":838,"comment_status":"open","ping_status":"open","sticky":false,"template":"","format":"standard","meta":{"footnotes":""},"categories":[24],"tags":[61,44],"_links":{"self":[{"href":"http:\/\/www.ketreko.de\/index.php\/wp-json\/wp\/v2\/posts\/836"}],"collection":[{"href":"http:\/\/www.ketreko.de\/index.php\/wp-json\/wp\/v2\/posts"}],"about":[{"href":"http:\/\/www.ketreko.de\/index.php\/wp-json\/wp\/v2\/types\/post"}],"author":[{"embeddable":true,"href":"http:\/\/www.ketreko.de\/index.php\/wp-json\/wp\/v2\/users\/1"}],"replies":[{"embeddable":true,"href":"http:\/\/www.ketreko.de\/index.php\/wp-json\/wp\/v2\/comments?post=836"}],"version-history":[{"count":6,"href":"http:\/\/www.ketreko.de\/index.php\/wp-json\/wp\/v2\/posts\/836\/revisions"}],"predecessor-version":[{"id":859,"href":"http:\/\/www.ketreko.de\/index.php\/wp-json\/wp\/v2\/posts\/836\/revisions\/859"}],"wp:featuredmedia":[{"embeddable":true,"href":"http:\/\/www.ketreko.de\/index.php\/wp-json\/wp\/v2\/media\/838"}],"wp:attachment":[{"href":"http:\/\/www.ketreko.de\/index.php\/wp-json\/wp\/v2\/media?parent=836"}],"wp:term":[{"taxonomy":"category","embeddable":true,"href":"http:\/\/www.ketreko.de\/index.php\/wp-json\/wp\/v2\/categories?post=836"},{"taxonomy":"post_tag","embeddable":true,"href":"http:\/\/www.ketreko.de\/index.php\/wp-json\/wp\/v2\/tags?post=836"}],"curies":[{"name":"wp","href":"https:\/\/api.w.org\/{rel}","templated":true}]}}