{"id":871,"date":"2018-09-26T11:48:05","date_gmt":"2018-09-26T10:48:05","guid":{"rendered":"http:\/\/www.ketreko.de\/?p=871"},"modified":"2018-09-26T11:49:27","modified_gmt":"2018-09-26T10:49:27","slug":"pinke-wolken","status":"publish","type":"post","link":"http:\/\/www.ketreko.de\/index.php\/2018\/09\/26\/pinke-wolken\/","title":{"rendered":"Pinke Wolken"},"content":{"rendered":"<p>Ich trinke gerne und oft Tee. Am liebsten Kr\u00e4utertee, Fr\u00fcchtetee ist nicht so meins, au\u00dfer im Sommer. Am Vorabend gekocht, \u00fcber Nacht abgek\u00fchlt und am Morgen in den K\u00fchlschrank gestellt, empf\u00e4ngt uns mittags ein wunderbarer unges\u00fc\u00dfter Eistee.<\/p>\n<p>(Daf\u00fcr ist es jetzt schon wieder zu k\u00fchl, inzwischen greife ich auf die hei\u00dfe Variante in einer Riesentasse zur\u00fcck)<\/p>\n<p>Beim Aufbr\u00fchen in einer Glaskanne sind mir irgendwann die pinken Wolken, die langsam beginnen aus den Fr\u00fcchtetee-Beuteln zu flie\u00dfen aufgefallen. Sie verteilen sich wie Qualm in der Luft, wenn es windstill ist. Wenn der Teebeutel mit hei\u00dfem Wasser in der Kanne aufgegossen ist, beginnt nach einem Augenblick, zun\u00e4chst ganz sacht, sich kr\u00e4ftig pink gef\u00e4rbte Fl\u00fcssigkeit, am unteren Beutelrand zu bilden. Das Wasser, voll mit pinken Fruchtfarbteilchen ist schwerer als das \u00fcbrige Wasser. Es beginnt fast zu tropfen und nach unten zu flie\u00dfen. Schlie\u00dflich entstehen ersten Verwirbelungen, so wie es auf den Fotos zu sehen ist.\u00a0 Am Boden der Glaskanne bildet sich langsam ein roter Tee-See im Wasser, wenn die, durch die Turbulenzen entstandenen W\u00f6lkchen, ganz abgesunken sind. Irgendwann ist alle Farbe vom hei\u00dfen Wasser aus den Fr\u00fcchte- und Bl\u00fctenkr\u00fcmeln im Teebeutel ausgewaschen.<\/p>\n<p>Das zu Beobachten ist eine wunderbare M\u00f6glichkeit, sich den Wert des verg\u00e4nglichen Moments bewusst zu machen&#8230; oder auch einfach nur zu Schauen was da Sch\u00f6nes passiert.<\/p>\n<p>So entstanden ein paar Fotos schon vor einigen Jahren, um diesen Augenblick festzuhalten.<\/p>\n<p>F\u00fcr das Muster-Thema Tee, habe ich sie rausgekramt. Es zeigt den unteren Rand der Teebeutel, die in einer Glaskanne mit Wasser aufgegossen wurden. Ich habe die Fotos sowohl in Farbe als auch in Schwarzwei\u00df verwendet und anschlie\u00dfend auf negativ gestellt. So sind drei weitere Versionen des urspr\u00fcnglich pink-wei\u00dfen Fotos entstanden. Ein besonders sch\u00f6nes Detail habe ich ausgeschnitten und ebenfalls farblich verfremdet.<\/p>\n<p><img loading=\"lazy\" decoding=\"async\" class=\"size-medium wp-image-872 aligncenter\" src=\"http:\/\/www.ketreko.de\/wp-content\/uploads\/2018\/09\/PinkClouds3cb-300x214.jpg\" alt=\"\" width=\"300\" height=\"214\" srcset=\"http:\/\/www.ketreko.de\/wp-content\/uploads\/2018\/09\/PinkClouds3cb-300x214.jpg 300w, http:\/\/www.ketreko.de\/wp-content\/uploads\/2018\/09\/PinkClouds3cb.jpg 719w\" sizes=\"(max-width: 300px) 100vw, 300px\" \/> <img loading=\"lazy\" decoding=\"async\" class=\"alignnone size-medium wp-image-873\" src=\"http:\/\/www.ketreko.de\/wp-content\/uploads\/2018\/09\/PinkCloudsAusschnitt.jpg\" alt=\"\" width=\"98\" height=\"101\" \/> <img loading=\"lazy\" decoding=\"async\" class=\"alignnone size-medium wp-image-874\" src=\"http:\/\/www.ketreko.de\/wp-content\/uploads\/2018\/09\/PinkCloudsAusschnittfarbeneg.jpg\" alt=\"\" width=\"98\" height=\"101\" \/> <img loading=\"lazy\" decoding=\"async\" class=\"alignnone size-medium wp-image-875\" src=\"http:\/\/www.ketreko.de\/wp-content\/uploads\/2018\/09\/PinkCloudsAusschnittsw.jpg\" alt=\"\" width=\"98\" height=\"101\" \/> <img loading=\"lazy\" decoding=\"async\" class=\"alignnone size-medium wp-image-876\" src=\"http:\/\/www.ketreko.de\/wp-content\/uploads\/2018\/09\/PinkCloudsnegativfarbe-300x214.jpg\" alt=\"\" width=\"300\" height=\"214\" srcset=\"http:\/\/www.ketreko.de\/wp-content\/uploads\/2018\/09\/PinkCloudsnegativfarbe-300x214.jpg 300w, http:\/\/www.ketreko.de\/wp-content\/uploads\/2018\/09\/PinkCloudsnegativfarbe.jpg 719w\" sizes=\"(max-width: 300px) 100vw, 300px\" \/> <img loading=\"lazy\" decoding=\"async\" class=\"alignnone size-medium wp-image-877\" src=\"http:\/\/www.ketreko.de\/wp-content\/uploads\/2018\/09\/PinkCloudsnegativfarbesw-300x214.jpg\" alt=\"\" width=\"300\" height=\"214\" srcset=\"http:\/\/www.ketreko.de\/wp-content\/uploads\/2018\/09\/PinkCloudsnegativfarbesw-300x214.jpg 300w, http:\/\/www.ketreko.de\/wp-content\/uploads\/2018\/09\/PinkCloudsnegativfarbesw.jpg 719w\" sizes=\"(max-width: 300px) 100vw, 300px\" \/> <img loading=\"lazy\" decoding=\"async\" class=\"alignnone size-medium wp-image-878\" src=\"http:\/\/www.ketreko.de\/wp-content\/uploads\/2018\/09\/PinkCloudsnegativsw-300x214.jpg\" alt=\"\" width=\"300\" height=\"214\" srcset=\"http:\/\/www.ketreko.de\/wp-content\/uploads\/2018\/09\/PinkCloudsnegativsw-300x214.jpg 300w, http:\/\/www.ketreko.de\/wp-content\/uploads\/2018\/09\/PinkCloudsnegativsw.jpg 719w\" sizes=\"(max-width: 300px) 100vw, 300px\" \/><\/p>\n<p>Sehr psychedelisch&#8230;<\/p>\n<p>Die Fotos habe ich dann mit CorelDraw zu Kaschelmustern verarbeitet, indem ich ein Foto vervielf\u00e4ltigt und mehrfach gespiegelt habe. Auf A4 zum Ausdrucken.<\/p>\n<p><img loading=\"lazy\" decoding=\"async\" class=\" wp-image-886 aligncenter\" src=\"http:\/\/www.ketreko.de\/wp-content\/uploads\/2018\/09\/IMG_20180925_1113502-300x225.jpg\" alt=\"\" width=\"500\" height=\"375\" srcset=\"http:\/\/www.ketreko.de\/wp-content\/uploads\/2018\/09\/IMG_20180925_1113502-300x225.jpg 300w, http:\/\/www.ketreko.de\/wp-content\/uploads\/2018\/09\/IMG_20180925_1113502-768x576.jpg 768w, http:\/\/www.ketreko.de\/wp-content\/uploads\/2018\/09\/IMG_20180925_1113502-1024x768.jpg 1024w\" sizes=\"(max-width: 500px) 100vw, 500px\" \/><\/p>\n<p>Mit den Ausdrucken habe ich dann die 15&#215;15 &#8222;Tee ist immer eine L\u00f6sung&#8220;-Collage gearbeitet.<\/p>\n<p>Hat Spa\u00df gemacht. Die restlichen Ausdrucke kommen in die Kiste mit den Collagen-Papieren.<\/p>\n<p><img loading=\"lazy\" decoding=\"async\" class=\" wp-image-885 aligncenter\" src=\"http:\/\/www.ketreko.de\/wp-content\/uploads\/2018\/09\/IMG_20180926_113210-300x290.jpg\" alt=\"\" width=\"500\" height=\"483\" srcset=\"http:\/\/www.ketreko.de\/wp-content\/uploads\/2018\/09\/IMG_20180926_113210-300x290.jpg 300w, http:\/\/www.ketreko.de\/wp-content\/uploads\/2018\/09\/IMG_20180926_113210-768x742.jpg 768w, http:\/\/www.ketreko.de\/wp-content\/uploads\/2018\/09\/IMG_20180926_113210-1024x990.jpg 1024w\" sizes=\"(max-width: 500px) 100vw, 500px\" \/><\/p>\n<p>Und kurz vor dem September-Ende und damit dem Ende des Thema Tee beim Muster-Mittwoch, habe ich es gerade noch geschafft, diesen Post fertig zu bekommen. Hurra! Jetzt kann ich ihn noch bei <a href=\"https:\/\/muellerinart.blogspot.com\/2018\/09\/septeeber-muster-mittwoch-289.html\">M\u00fcllerin Art und dem SepTEEmber<\/a> verlinken.<\/p>\n<p>Herzlichst, Kerstin<\/p>\n","protected":false},"excerpt":{"rendered":"<p>Ich trinke gerne und oft Tee. Am liebsten Kr\u00e4utertee, Fr\u00fcchtetee ist nicht so meins, au\u00dfer im Sommer. Am Vorabend gekocht, \u00fcber Nacht abgek\u00fchlt und am Morgen in den K\u00fchlschrank gestellt, empf\u00e4ngt uns mittags ein wunderbarer unges\u00fc\u00dfter Eistee. (Daf\u00fcr ist es jetzt schon wieder zu k\u00fchl, inzwischen greife ich auf die hei\u00dfe Variante in einer Riesentasse [&hellip;]<\/p>\n","protected":false},"author":1,"featured_media":881,"comment_status":"open","ping_status":"open","sticky":false,"template":"","format":"standard","meta":{"footnotes":""},"categories":[24,32],"tags":[22,30,13],"_links":{"self":[{"href":"http:\/\/www.ketreko.de\/index.php\/wp-json\/wp\/v2\/posts\/871"}],"collection":[{"href":"http:\/\/www.ketreko.de\/index.php\/wp-json\/wp\/v2\/posts"}],"about":[{"href":"http:\/\/www.ketreko.de\/index.php\/wp-json\/wp\/v2\/types\/post"}],"author":[{"embeddable":true,"href":"http:\/\/www.ketreko.de\/index.php\/wp-json\/wp\/v2\/users\/1"}],"replies":[{"embeddable":true,"href":"http:\/\/www.ketreko.de\/index.php\/wp-json\/wp\/v2\/comments?post=871"}],"version-history":[{"count":8,"href":"http:\/\/www.ketreko.de\/index.php\/wp-json\/wp\/v2\/posts\/871\/revisions"}],"predecessor-version":[{"id":889,"href":"http:\/\/www.ketreko.de\/index.php\/wp-json\/wp\/v2\/posts\/871\/revisions\/889"}],"wp:featuredmedia":[{"embeddable":true,"href":"http:\/\/www.ketreko.de\/index.php\/wp-json\/wp\/v2\/media\/881"}],"wp:attachment":[{"href":"http:\/\/www.ketreko.de\/index.php\/wp-json\/wp\/v2\/media?parent=871"}],"wp:term":[{"taxonomy":"category","embeddable":true,"href":"http:\/\/www.ketreko.de\/index.php\/wp-json\/wp\/v2\/categories?post=871"},{"taxonomy":"post_tag","embeddable":true,"href":"http:\/\/www.ketreko.de\/index.php\/wp-json\/wp\/v2\/tags?post=871"}],"curies":[{"name":"wp","href":"https:\/\/api.w.org\/{rel}","templated":true}]}}