{"id":902,"date":"2018-09-30T17:47:05","date_gmt":"2018-09-30T16:47:05","guid":{"rendered":"http:\/\/www.ketreko.de\/?p=902"},"modified":"2018-09-30T17:50:57","modified_gmt":"2018-09-30T16:50:57","slug":"12tel-blick-im-september-2018","status":"publish","type":"post","link":"http:\/\/www.ketreko.de\/index.php\/2018\/09\/30\/12tel-blick-im-september-2018\/","title":{"rendered":"12tel Blick im September 2018"},"content":{"rendered":"<p style=\"text-align: center;\">Da ist es, das Ende des September.<\/p>\n<p style=\"text-align: center;\">Heute war ein Tag, wie er im Herbst-Bilderbuch steht:<\/p>\n<p>Morgens frisch, mit glitzernden Sonnenstrahlen die \u00fcber die H\u00fcgel des Odenwaldes krabbeln, taufrischem Gras und der Notwendigkeit, sich was Gestricktes \u00fcber zu ziehen. Im Schatten ist es auch am Vormittag noch kalt gewesen, wenn die Sonne den wolkenlosen Himmel schon lange geflutet hatte. Der Nachmittag lud ein, drau\u00dfen zu verweilen, im Caf\u00e9, vor oder nach dem Spaziergang. Aber wehe die Sonne verabschiedet sich aus einem Winkel, dann wird\u00b4s gleich wieder frisch. Um kurz nach sechs war es an meinem See noch sonnig und mild. Aber nur auf der einen Seite. Am gegen\u00fcberliegenden Ufer, man ahnt es schon beim Betrachten des Fotos, zieht die k\u00fchle Erde schon wieder alles in ihren Bann.<\/p>\n<p>Es soll regnen, morgen schon. Und kalt soll es werden. Eben Herbst. Mal sehen, was es daran Sch\u00f6nes zu entdecken gibt.<\/p>\n<p>Mein 12tel blick wird bei <a href=\"https:\/\/evafuchs.blogspot.com\/2018\/09\/september12tel-blick2018.html\">verfuchstundzugen\u00e4ht<\/a> verlinkt, bei all den anderen 12tel Blicken.<\/p>\n<p>Herzlichst, Kerstin<\/p>\n","protected":false},"excerpt":{"rendered":"<p>Da ist es, das Ende des September. Heute war ein Tag, wie er im Herbst-Bilderbuch steht: Morgens frisch, mit glitzernden Sonnenstrahlen die \u00fcber die H\u00fcgel des Odenwaldes krabbeln, taufrischem Gras und der Notwendigkeit, sich was Gestricktes \u00fcber zu ziehen. Im Schatten ist es auch am Vormittag noch kalt gewesen, wenn die Sonne den wolkenlosen Himmel [&hellip;]<\/p>\n","protected":false},"author":1,"featured_media":903,"comment_status":"open","ping_status":"open","sticky":false,"template":"","format":"standard","meta":{"footnotes":""},"categories":[24],"tags":[22,44],"_links":{"self":[{"href":"http:\/\/www.ketreko.de\/index.php\/wp-json\/wp\/v2\/posts\/902"}],"collection":[{"href":"http:\/\/www.ketreko.de\/index.php\/wp-json\/wp\/v2\/posts"}],"about":[{"href":"http:\/\/www.ketreko.de\/index.php\/wp-json\/wp\/v2\/types\/post"}],"author":[{"embeddable":true,"href":"http:\/\/www.ketreko.de\/index.php\/wp-json\/wp\/v2\/users\/1"}],"replies":[{"embeddable":true,"href":"http:\/\/www.ketreko.de\/index.php\/wp-json\/wp\/v2\/comments?post=902"}],"version-history":[{"count":5,"href":"http:\/\/www.ketreko.de\/index.php\/wp-json\/wp\/v2\/posts\/902\/revisions"}],"predecessor-version":[{"id":908,"href":"http:\/\/www.ketreko.de\/index.php\/wp-json\/wp\/v2\/posts\/902\/revisions\/908"}],"wp:featuredmedia":[{"embeddable":true,"href":"http:\/\/www.ketreko.de\/index.php\/wp-json\/wp\/v2\/media\/903"}],"wp:attachment":[{"href":"http:\/\/www.ketreko.de\/index.php\/wp-json\/wp\/v2\/media?parent=902"}],"wp:term":[{"taxonomy":"category","embeddable":true,"href":"http:\/\/www.ketreko.de\/index.php\/wp-json\/wp\/v2\/categories?post=902"},{"taxonomy":"post_tag","embeddable":true,"href":"http:\/\/www.ketreko.de\/index.php\/wp-json\/wp\/v2\/tags?post=902"}],"curies":[{"name":"wp","href":"https:\/\/api.w.org\/{rel}","templated":true}]}}